{"id":58903,"date":"2025-08-09T10:19:09","date_gmt":"2025-08-09T13:19:09","guid":{"rendered":"https:\/\/elurbanoweb.com.ar\/diario\/?p=58903"},"modified":"2025-08-09T10:19:09","modified_gmt":"2025-08-09T13:19:09","slug":"la-oms-dio-datos-reveladores-sobre-el-avance-de-la-variante-frankenstein","status":"publish","type":"post","link":"http:\/\/elurbanoweb.com.ar\/diario\/la-oms-dio-datos-reveladores-sobre-el-avance-de-la-variante-frankenstein\/","title":{"rendered":"La OMS dio datos reveladores sobre el avance de la variante \u201cFrankenstein\u201d"},"content":{"rendered":"<p>Esta semana se confirm\u00f3 que la cepa ya circula en Argentina. Cinco claves sobre el nuevo escenario epidemiol\u00f3gico del Covid.<\/p>\n<p><img loading=\"lazy\" decoding=\"async\" class=\"alignnone wp-image-58904 size-full\" src=\"http:\/\/elurbanoweb.com.ar\/diario\/wp-content\/uploads\/2025\/08\/frankeisten.jpg\" alt=\"\" width=\"1010\" height=\"567\" srcset=\"http:\/\/elurbanoweb.com.ar\/diario\/wp-content\/uploads\/2025\/08\/frankeisten.jpg 1010w, http:\/\/elurbanoweb.com.ar\/diario\/wp-content\/uploads\/2025\/08\/frankeisten-300x168.jpg 300w, http:\/\/elurbanoweb.com.ar\/diario\/wp-content\/uploads\/2025\/08\/frankeisten-150x84.jpg 150w\" sizes=\"auto, (max-width: 1010px) 100vw, 1010px\" \/><\/p>\n<p><!--more--><\/p>\n<p>La subvariante XFG del Covid, conocida popularmente como \u00abFrankenstein\u00bb, ha tenido en las \u00faltimas semanas un vertiginoso aumento, con el alcance de una hegemon\u00eda mundial cuyas esquirlas llegaron a la Argentina. \u00bfPor qu\u00e9 esta cepa recibi\u00f3 mayor atenci\u00f3n que sus predecesoras?<\/p>\n<p>Desde el punto de vista de la inquietud p\u00fablica, el nombre popular que recibi\u00f3 la nueva subvariante parece haber implicado un foco de atenci\u00f3n extra en funci\u00f3n de entender el motivo por el que el pat\u00f3geno ha sido bautizado con un nombre de connotaci\u00f3n monstruosa.<\/p>\n<p>Al mismo tiempo, la subvariante XFG no solo exhibe los s\u00edntomas ya reportados hist\u00f3ricamente por la enfermedad, sino que suma uno extra, particular y reconocible: la posible ronquera y la afon\u00eda parcial o total, de manera transitoria hasta que finaliza la fase aguda de la infecci\u00f3n.<\/p>\n","protected":false},"excerpt":{"rendered":"<p>Esta semana se confirm\u00f3 que la cepa ya circula en Argentina. Cinco claves sobre el nuevo escenario epidemiol\u00f3gico del Covid.<\/p>\n","protected":false},"author":1,"featured_media":58904,"comment_status":"closed","ping_status":"closed","sticky":false,"template":"","format":"standard","meta":{"footnotes":""},"categories":[6],"tags":[],"class_list":["post-58903","post","type-post","status-publish","format-standard","has-post-thumbnail","hentry","category-mundo"],"_links":{"self":[{"href":"http:\/\/elurbanoweb.com.ar\/diario\/wp-json\/wp\/v2\/posts\/58903","targetHints":{"allow":["GET"]}}],"collection":[{"href":"http:\/\/elurbanoweb.com.ar\/diario\/wp-json\/wp\/v2\/posts"}],"about":[{"href":"http:\/\/elurbanoweb.com.ar\/diario\/wp-json\/wp\/v2\/types\/post"}],"author":[{"embeddable":true,"href":"http:\/\/elurbanoweb.com.ar\/diario\/wp-json\/wp\/v2\/users\/1"}],"replies":[{"embeddable":true,"href":"http:\/\/elurbanoweb.com.ar\/diario\/wp-json\/wp\/v2\/comments?post=58903"}],"version-history":[{"count":1,"href":"http:\/\/elurbanoweb.com.ar\/diario\/wp-json\/wp\/v2\/posts\/58903\/revisions"}],"predecessor-version":[{"id":58905,"href":"http:\/\/elurbanoweb.com.ar\/diario\/wp-json\/wp\/v2\/posts\/58903\/revisions\/58905"}],"wp:featuredmedia":[{"embeddable":true,"href":"http:\/\/elurbanoweb.com.ar\/diario\/wp-json\/wp\/v2\/media\/58904"}],"wp:attachment":[{"href":"http:\/\/elurbanoweb.com.ar\/diario\/wp-json\/wp\/v2\/media?parent=58903"}],"wp:term":[{"taxonomy":"category","embeddable":true,"href":"http:\/\/elurbanoweb.com.ar\/diario\/wp-json\/wp\/v2\/categories?post=58903"},{"taxonomy":"post_tag","embeddable":true,"href":"http:\/\/elurbanoweb.com.ar\/diario\/wp-json\/wp\/v2\/tags?post=58903"}],"curies":[{"name":"wp","href":"https:\/\/api.w.org\/{rel}","templated":true}]}}