{"id":58906,"date":"2025-08-09T10:21:06","date_gmt":"2025-08-09T13:21:06","guid":{"rendered":"https:\/\/elurbanoweb.com.ar\/diario\/?p=58906"},"modified":"2025-08-09T10:21:06","modified_gmt":"2025-08-09T13:21:06","slug":"comenzaron-las-capacitaciones-tecnologicas-gratuitas-para-adultos-mayores-en-la-banda","status":"publish","type":"post","link":"http:\/\/elurbanoweb.com.ar\/diario\/comenzaron-las-capacitaciones-tecnologicas-gratuitas-para-adultos-mayores-en-la-banda\/","title":{"rendered":"Comenzaron las capacitaciones tecnol\u00f3gicas gratuitas para adultos mayores en La Banda"},"content":{"rendered":"<p>La Oficina del Adulto Mayor de forma articulada con Punto Digital Banda, brindaron un Taller Sobre Manejo de Celular Para Adultos Mayores, en el marco del Programa de Alfabetizaci\u00f3n Digital Para Adultos Mayores que fue lanzado por el municipio, el pasado 1 de agosto.<\/p>\n<p><img loading=\"lazy\" decoding=\"async\" class=\"alignnone wp-image-58907 size-full\" src=\"http:\/\/elurbanoweb.com.ar\/diario\/wp-content\/uploads\/2025\/08\/adultos1.jpg\" alt=\"\" width=\"1010\" height=\"567\" srcset=\"http:\/\/elurbanoweb.com.ar\/diario\/wp-content\/uploads\/2025\/08\/adultos1.jpg 1010w, http:\/\/elurbanoweb.com.ar\/diario\/wp-content\/uploads\/2025\/08\/adultos1-300x168.jpg 300w, http:\/\/elurbanoweb.com.ar\/diario\/wp-content\/uploads\/2025\/08\/adultos1-150x84.jpg 150w\" sizes=\"auto, (max-width: 1010px) 100vw, 1010px\" \/><\/p>\n<p><!--more--><\/p>\n<p>El objetivo de esta propuesta es promover la autonom\u00eda e inclusi\u00f3n digital de las personas mayores, brind\u00e1ndoles herramientas que les permitan desenvolverse con confianza en el uso de celulares, aplicaciones y programas inform\u00e1ticos b\u00e1sicos.<\/p>\n<p>De este modo, el d\u00eda jueves, los participantes de la comisi\u00f3n del turno tarde comenzaron su instrucci\u00f3n sobre uso y funciones b\u00e1sicas de los celulares y aplicaciones (App), que se extender\u00e1 durante todo el mes de agosto con encuentros semanales.<\/p>\n<p>Al respecto, la responsable de la Oficina del Adulto Mayor, Joana Serrano, explic\u00f3: \u201cEsta actividad est\u00e1 dentro del Programa de Alfabetizaci\u00f3n Digital Para Adultos Mayores que gracias a la gesti\u00f3n del intendente Roger Nediani, el municipio de La Banda comenz\u00f3 a implementar el pasado 1 de agosto.<\/p>\n<p>La idea u objetivo de esta propuesta es capacitar a nuestros adultos mayores en el uso de la tecnolog\u00eda. Sabemos que muchas veces es dificultoso para ellos adaptarse a las tecnolog\u00edas a medida que \u00e9stas avanzan.<\/p>\n<p>Entonces, la idea es que ellos puedan sentirse activos, acompa\u00f1ados y \u00fatiles. Adem\u00e1s, esto tambi\u00e9n les sirve para socializar entre ellos, conocer a m\u00e1s gente y estar m\u00e1s en contacto con sus familiares.<\/p>\n<p>En esta primera etapa hemos comenzado con el uso y funciones b\u00e1sicas de los celulares y las aplicaciones (App). Todo esto se trabajar\u00e1 durante el mes de agosto, en cuatro comisiones que se re\u00fanen en las instalaciones de la Casa del Bicentenario de La Banda.<\/p>\n<p>Luego, en el mes de septiembre vamos a continuar con lo que es computaci\u00f3n, uso de una computadora y el manejo de los programas como Excel, Word y Google, que muchos han solicitado\u201d.<\/p>\n<p>Cabe recordar, que este taller est\u00e1 dividido en dos comisiones, una se re\u00fane los lunes y viernes de 10 a 11:30 y la otra los martes y jueves de 15:30 a 16:30 en la Casa del Bicentenario.<\/p>\n<p>Los interesados en sumarse a esta propuesta lo pueden hacer en la comisi\u00f3n de la tarde ya que quedan lugares vacantes en ese turno. Para inscribirse deben dirigirse a la Secretar\u00eda de Salud, situada sobre la Av. Besares y Alem, de lunes a viernes de 8 a 12.<\/p>\n","protected":false},"excerpt":{"rendered":"<p>La Oficina del Adulto Mayor de forma articulada con Punto Digital Banda, brindaron un Taller Sobre Manejo de Celular Para Adultos Mayores, en el marco del Programa de Alfabetizaci\u00f3n Digital&hellip; <\/p>\n","protected":false},"author":1,"featured_media":58907,"comment_status":"closed","ping_status":"closed","sticky":false,"template":"","format":"standard","meta":{"footnotes":""},"categories":[9],"tags":[],"class_list":["post-58906","post","type-post","status-publish","format-standard","has-post-thumbnail","hentry","category-la-banda"],"_links":{"self":[{"href":"http:\/\/elurbanoweb.com.ar\/diario\/wp-json\/wp\/v2\/posts\/58906","targetHints":{"allow":["GET"]}}],"collection":[{"href":"http:\/\/elurbanoweb.com.ar\/diario\/wp-json\/wp\/v2\/posts"}],"about":[{"href":"http:\/\/elurbanoweb.com.ar\/diario\/wp-json\/wp\/v2\/types\/post"}],"author":[{"embeddable":true,"href":"http:\/\/elurbanoweb.com.ar\/diario\/wp-json\/wp\/v2\/users\/1"}],"replies":[{"embeddable":true,"href":"http:\/\/elurbanoweb.com.ar\/diario\/wp-json\/wp\/v2\/comments?post=58906"}],"version-history":[{"count":1,"href":"http:\/\/elurbanoweb.com.ar\/diario\/wp-json\/wp\/v2\/posts\/58906\/revisions"}],"predecessor-version":[{"id":58908,"href":"http:\/\/elurbanoweb.com.ar\/diario\/wp-json\/wp\/v2\/posts\/58906\/revisions\/58908"}],"wp:featuredmedia":[{"embeddable":true,"href":"http:\/\/elurbanoweb.com.ar\/diario\/wp-json\/wp\/v2\/media\/58907"}],"wp:attachment":[{"href":"http:\/\/elurbanoweb.com.ar\/diario\/wp-json\/wp\/v2\/media?parent=58906"}],"wp:term":[{"taxonomy":"category","embeddable":true,"href":"http:\/\/elurbanoweb.com.ar\/diario\/wp-json\/wp\/v2\/categories?post=58906"},{"taxonomy":"post_tag","embeddable":true,"href":"http:\/\/elurbanoweb.com.ar\/diario\/wp-json\/wp\/v2\/tags?post=58906"}],"curies":[{"name":"wp","href":"https:\/\/api.w.org\/{rel}","templated":true}]}}