{"id":58909,"date":"2025-08-09T10:22:50","date_gmt":"2025-08-09T13:22:50","guid":{"rendered":"https:\/\/elurbanoweb.com.ar\/diario\/?p=58909"},"modified":"2025-08-09T10:22:50","modified_gmt":"2025-08-09T13:22:50","slug":"la-banda-impulsa-espacios-de-apoyo-e-informacion-para-madres-lactantes-en-los-camm","status":"publish","type":"post","link":"http:\/\/elurbanoweb.com.ar\/diario\/la-banda-impulsa-espacios-de-apoyo-e-informacion-para-madres-lactantes-en-los-camm\/","title":{"rendered":"La Banda impulsa espacios de apoyo e informaci\u00f3n para madres lactantes en los CAMM"},"content":{"rendered":"<p>En el marco de la Semana Mundial de la Lactancia Materna, la Secretar\u00eda de Salud de la Municipalidad de La Banda desarroll\u00f3 nuevos espacios de reflexi\u00f3n y acompa\u00f1amiento en distintos centros de salud de la ciudad.<\/p>\n<p><img loading=\"lazy\" decoding=\"async\" class=\"alignnone wp-image-58910 size-full\" src=\"http:\/\/elurbanoweb.com.ar\/diario\/wp-content\/uploads\/2025\/08\/lactantes.jpg\" alt=\"\" width=\"1010\" height=\"567\" srcset=\"http:\/\/elurbanoweb.com.ar\/diario\/wp-content\/uploads\/2025\/08\/lactantes.jpg 1010w, http:\/\/elurbanoweb.com.ar\/diario\/wp-content\/uploads\/2025\/08\/lactantes-300x168.jpg 300w, http:\/\/elurbanoweb.com.ar\/diario\/wp-content\/uploads\/2025\/08\/lactantes-150x84.jpg 150w\" sizes=\"auto, (max-width: 1010px) 100vw, 1010px\" \/><\/p>\n<p><!--more--><\/p>\n<p>Durante la jornada, el CAMM N\u00b0 3 Ampliaci\u00f3n Primero de Mayo llev\u00f3 a cabo un taller informativo a cargo de la pediatra Dra. Silvina Botta, quien comparti\u00f3 conocimientos clave sobre los beneficios de la lactancia en el desarrollo integral de ni\u00f1os y ni\u00f1as. Se hizo hincapi\u00e9 en la importancia de este acto natural como pilar de nutrici\u00f3n, v\u00ednculo afectivo y prevenci\u00f3n de enfermedades.<\/p>\n<p>En simult\u00e1neo, el CAMM N\u00b07 del barrio Avenida tambi\u00e9n ofreci\u00f3 una charla abierta sobre alimentaci\u00f3n infantil y lactancia, abordando no solo los beneficios biol\u00f3gicos y emocionales, sino tambi\u00e9n los derechos laborales de las madres lactantes. El equipo hizo especial foco en el acompa\u00f1amiento durante el regreso al trabajo, promoviendo la protecci\u00f3n de este derecho fundamental.<\/p>\n<p>Al respecto, el secretario de Salud, C\u00e9sar Scabuzzo, expres\u00f3: \u201cLa lactancia no es solo un hecho biol\u00f3gico, sino tambi\u00e9n un derecho social. Desde nuestros CAMM trabajamos para que cada mam\u00e1 se sienta contenida, informada y respetada en este proceso.\u201d<\/p>\n<p>Estas acciones responden a la pol\u00edtica de salud comunitaria promovida por el intendente Roger El\u00edas Nediani, quien impulsa una gesti\u00f3n comprometida con el cuidado integral desde los primeros d\u00edas de vida<\/p>\n","protected":false},"excerpt":{"rendered":"<p>En el marco de la Semana Mundial de la Lactancia Materna, la Secretar\u00eda de Salud de la Municipalidad de La Banda desarroll\u00f3 nuevos espacios de reflexi\u00f3n y acompa\u00f1amiento en distintos&hellip; <\/p>\n","protected":false},"author":1,"featured_media":58910,"comment_status":"closed","ping_status":"closed","sticky":false,"template":"","format":"standard","meta":{"footnotes":""},"categories":[9],"tags":[],"class_list":["post-58909","post","type-post","status-publish","format-standard","has-post-thumbnail","hentry","category-la-banda"],"_links":{"self":[{"href":"http:\/\/elurbanoweb.com.ar\/diario\/wp-json\/wp\/v2\/posts\/58909","targetHints":{"allow":["GET"]}}],"collection":[{"href":"http:\/\/elurbanoweb.com.ar\/diario\/wp-json\/wp\/v2\/posts"}],"about":[{"href":"http:\/\/elurbanoweb.com.ar\/diario\/wp-json\/wp\/v2\/types\/post"}],"author":[{"embeddable":true,"href":"http:\/\/elurbanoweb.com.ar\/diario\/wp-json\/wp\/v2\/users\/1"}],"replies":[{"embeddable":true,"href":"http:\/\/elurbanoweb.com.ar\/diario\/wp-json\/wp\/v2\/comments?post=58909"}],"version-history":[{"count":1,"href":"http:\/\/elurbanoweb.com.ar\/diario\/wp-json\/wp\/v2\/posts\/58909\/revisions"}],"predecessor-version":[{"id":58911,"href":"http:\/\/elurbanoweb.com.ar\/diario\/wp-json\/wp\/v2\/posts\/58909\/revisions\/58911"}],"wp:featuredmedia":[{"embeddable":true,"href":"http:\/\/elurbanoweb.com.ar\/diario\/wp-json\/wp\/v2\/media\/58910"}],"wp:attachment":[{"href":"http:\/\/elurbanoweb.com.ar\/diario\/wp-json\/wp\/v2\/media?parent=58909"}],"wp:term":[{"taxonomy":"category","embeddable":true,"href":"http:\/\/elurbanoweb.com.ar\/diario\/wp-json\/wp\/v2\/categories?post=58909"},{"taxonomy":"post_tag","embeddable":true,"href":"http:\/\/elurbanoweb.com.ar\/diario\/wp-json\/wp\/v2\/tags?post=58909"}],"curies":[{"name":"wp","href":"https:\/\/api.w.org\/{rel}","templated":true}]}}