{"id":58912,"date":"2025-08-09T10:24:20","date_gmt":"2025-08-09T13:24:20","guid":{"rendered":"https:\/\/elurbanoweb.com.ar\/diario\/?p=58912"},"modified":"2025-08-09T10:24:20","modified_gmt":"2025-08-09T13:24:20","slug":"la-plaza-belgrano-se-vistio-de-fiesta-con-eventos-artisticos-y-solidarios","status":"publish","type":"post","link":"http:\/\/elurbanoweb.com.ar\/diario\/la-plaza-belgrano-se-vistio-de-fiesta-con-eventos-artisticos-y-solidarios\/","title":{"rendered":"La Plaza Belgrano se visti\u00f3 de fiesta con eventos art\u00edsticos y solidarios"},"content":{"rendered":"<p>Con el acompa\u00f1amiento de la Municipalidad de La Banda, se llevaron a cabo dos jornadas art\u00edsticas y solidarias en la Plaza Manuel Belgrano con el objetivo de promocionar no solo a los m\u00fasicos y cantantes locales sino tambi\u00e9n a los emprendedores bande\u00f1os.<\/p>\n<p><img loading=\"lazy\" decoding=\"async\" class=\"alignnone wp-image-58913 size-full\" src=\"http:\/\/elurbanoweb.com.ar\/diario\/wp-content\/uploads\/2025\/08\/fiesta.jpg\" alt=\"\" width=\"1010\" height=\"567\" srcset=\"http:\/\/elurbanoweb.com.ar\/diario\/wp-content\/uploads\/2025\/08\/fiesta.jpg 1010w, http:\/\/elurbanoweb.com.ar\/diario\/wp-content\/uploads\/2025\/08\/fiesta-300x168.jpg 300w, http:\/\/elurbanoweb.com.ar\/diario\/wp-content\/uploads\/2025\/08\/fiesta-150x84.jpg 150w\" sizes=\"auto, (max-width: 1010px) 100vw, 1010px\" \/><\/p>\n<p><!--more--><\/p>\n<p>Asimismo, el evento fue una oportunidad para realizar una colecta de alimentos no perecederos que ser\u00e1n destinados a comedores y merenderos de diferentes sectores de la ciudad de La Banda.<\/p>\n<p>Durante los dos encuentros participaron varios m\u00fasicos bande\u00f1os como Pucho Achaud, Slefy Santill\u00e1n, Walter Divera, Caro Murillo, Hugo Miguetes, Sopera y los iluminados, Chuly Peralta y M\u00eda Ferreyra, Jos\u00e9 Miguel \u201cEl gitano\u201d, Zaira, Hugo More, Los Yanque\u00f1os y Adin Alvarado y los Viejitos Piolas.<\/p>\n<p>En la ocasi\u00f3n, Hugo More, destac\u00f3: \u201cLa Radio Satelital cumple 32 a\u00f1os y quisimos celebrar a lo grande como cada a\u00f1o dando espacio a nuestros artistas locales, no solo a los m\u00fasicos sino tambi\u00e9n a los artesanos y microemprendedores bande\u00f1os. No quiero dejar de agradecer el apoyo del intendente Roger Nediani. Estamos muy contentos por el acompa\u00f1amiento del municipio que nos permiti\u00f3 organizar el cumplea\u00f1os de la mejor manera y como un espect\u00e1culo gratuito para todos los vecinos.<\/p>\n<p>Esto es algo que le hace bien a La Banda, no por el cumplea\u00f1os de la radio, sino por convocar a la gente a compartir un grato momento en familia y disfrutar de m\u00fasica en vivo y de la feria de artesanos\u201d.<\/p>\n","protected":false},"excerpt":{"rendered":"<p>Con el acompa\u00f1amiento de la Municipalidad de La Banda, se llevaron a cabo dos jornadas art\u00edsticas y solidarias en la Plaza Manuel Belgrano con el objetivo de promocionar no solo&hellip; <\/p>\n","protected":false},"author":1,"featured_media":58913,"comment_status":"closed","ping_status":"closed","sticky":false,"template":"","format":"standard","meta":{"footnotes":""},"categories":[9],"tags":[],"class_list":["post-58912","post","type-post","status-publish","format-standard","has-post-thumbnail","hentry","category-la-banda"],"_links":{"self":[{"href":"http:\/\/elurbanoweb.com.ar\/diario\/wp-json\/wp\/v2\/posts\/58912","targetHints":{"allow":["GET"]}}],"collection":[{"href":"http:\/\/elurbanoweb.com.ar\/diario\/wp-json\/wp\/v2\/posts"}],"about":[{"href":"http:\/\/elurbanoweb.com.ar\/diario\/wp-json\/wp\/v2\/types\/post"}],"author":[{"embeddable":true,"href":"http:\/\/elurbanoweb.com.ar\/diario\/wp-json\/wp\/v2\/users\/1"}],"replies":[{"embeddable":true,"href":"http:\/\/elurbanoweb.com.ar\/diario\/wp-json\/wp\/v2\/comments?post=58912"}],"version-history":[{"count":1,"href":"http:\/\/elurbanoweb.com.ar\/diario\/wp-json\/wp\/v2\/posts\/58912\/revisions"}],"predecessor-version":[{"id":58914,"href":"http:\/\/elurbanoweb.com.ar\/diario\/wp-json\/wp\/v2\/posts\/58912\/revisions\/58914"}],"wp:featuredmedia":[{"embeddable":true,"href":"http:\/\/elurbanoweb.com.ar\/diario\/wp-json\/wp\/v2\/media\/58913"}],"wp:attachment":[{"href":"http:\/\/elurbanoweb.com.ar\/diario\/wp-json\/wp\/v2\/media?parent=58912"}],"wp:term":[{"taxonomy":"category","embeddable":true,"href":"http:\/\/elurbanoweb.com.ar\/diario\/wp-json\/wp\/v2\/categories?post=58912"},{"taxonomy":"post_tag","embeddable":true,"href":"http:\/\/elurbanoweb.com.ar\/diario\/wp-json\/wp\/v2\/tags?post=58912"}],"curies":[{"name":"wp","href":"https:\/\/api.w.org\/{rel}","templated":true}]}}