{"id":58915,"date":"2025-08-09T10:27:17","date_gmt":"2025-08-09T13:27:17","guid":{"rendered":"https:\/\/elurbanoweb.com.ar\/diario\/?p=58915"},"modified":"2025-08-09T10:27:17","modified_gmt":"2025-08-09T13:27:17","slug":"realizaron-trabajos-de-mantenimiento-en-las-calles-de-los-barrios-santa-lucia-y-mariano-moreno","status":"publish","type":"post","link":"http:\/\/elurbanoweb.com.ar\/diario\/realizaron-trabajos-de-mantenimiento-en-las-calles-de-los-barrios-santa-lucia-y-mariano-moreno\/","title":{"rendered":"Realizaron trabajos de mantenimiento en las calles de los barrios Santa Luc\u00eda y Mariano Moreno"},"content":{"rendered":"<p>La Direcci\u00f3n de Obras P\u00fablicas de la Capital realiz\u00f3 trabajos de reparaci\u00f3n en la calle Lavalle con concreto asf\u00e1ltico, en el tramo comprendido entre la colectora de la avenida Lugones y la avenida Circunvalaci\u00f3n, a la altura del barrio Santa Luc\u00eda.<\/p>\n<p><img loading=\"lazy\" decoding=\"async\" class=\"alignnone wp-image-58916 size-full\" src=\"http:\/\/elurbanoweb.com.ar\/diario\/wp-content\/uploads\/2025\/08\/lucia.jpg\" alt=\"\" width=\"1010\" height=\"567\" srcset=\"http:\/\/elurbanoweb.com.ar\/diario\/wp-content\/uploads\/2025\/08\/lucia.jpg 1010w, http:\/\/elurbanoweb.com.ar\/diario\/wp-content\/uploads\/2025\/08\/lucia-300x168.jpg 300w, http:\/\/elurbanoweb.com.ar\/diario\/wp-content\/uploads\/2025\/08\/lucia-150x84.jpg 150w\" sizes=\"auto, (max-width: 1010px) 100vw, 1010px\" \/><\/p>\n<p><!--more--><\/p>\n<p>Similares tareas se desarrollaron en el barrio Mariano Moreno, cubriendo la calle Su\u00e1rez, desde Aguirre hasta Avenida del Trabajo; la intersecci\u00f3n de Peralta Luna y Avenida del Trabajo y la calle Andr\u00e9s Chazarreta, por donde circula el transporte p\u00fablico de pasajeros.<\/p>\n<p>Los operarios aplicaron concreto asf\u00e1ltico en caliente, empleando en cada uno de los sectores m\u00e1s de 32 toneladas, buscando optimizar la superficie de rodamiento vehicular.<\/p>\n<p>De esta manera, contin\u00faa el programa municipal de mantenimiento de los corredores urbanos, a los fines de garantizar mejores condiciones de circulaci\u00f3n para los vecinos.<\/p>\n","protected":false},"excerpt":{"rendered":"<p>La Direcci\u00f3n de Obras P\u00fablicas de la Capital realiz\u00f3 trabajos de reparaci\u00f3n en la calle Lavalle con concreto asf\u00e1ltico, en el tramo comprendido entre la colectora de la avenida Lugones&hellip; <\/p>\n","protected":false},"author":1,"featured_media":58916,"comment_status":"closed","ping_status":"closed","sticky":false,"template":"","format":"standard","meta":{"footnotes":""},"categories":[3],"tags":[],"class_list":["post-58915","post","type-post","status-publish","format-standard","has-post-thumbnail","hentry","category-municipio"],"_links":{"self":[{"href":"http:\/\/elurbanoweb.com.ar\/diario\/wp-json\/wp\/v2\/posts\/58915","targetHints":{"allow":["GET"]}}],"collection":[{"href":"http:\/\/elurbanoweb.com.ar\/diario\/wp-json\/wp\/v2\/posts"}],"about":[{"href":"http:\/\/elurbanoweb.com.ar\/diario\/wp-json\/wp\/v2\/types\/post"}],"author":[{"embeddable":true,"href":"http:\/\/elurbanoweb.com.ar\/diario\/wp-json\/wp\/v2\/users\/1"}],"replies":[{"embeddable":true,"href":"http:\/\/elurbanoweb.com.ar\/diario\/wp-json\/wp\/v2\/comments?post=58915"}],"version-history":[{"count":1,"href":"http:\/\/elurbanoweb.com.ar\/diario\/wp-json\/wp\/v2\/posts\/58915\/revisions"}],"predecessor-version":[{"id":58917,"href":"http:\/\/elurbanoweb.com.ar\/diario\/wp-json\/wp\/v2\/posts\/58915\/revisions\/58917"}],"wp:featuredmedia":[{"embeddable":true,"href":"http:\/\/elurbanoweb.com.ar\/diario\/wp-json\/wp\/v2\/media\/58916"}],"wp:attachment":[{"href":"http:\/\/elurbanoweb.com.ar\/diario\/wp-json\/wp\/v2\/media?parent=58915"}],"wp:term":[{"taxonomy":"category","embeddable":true,"href":"http:\/\/elurbanoweb.com.ar\/diario\/wp-json\/wp\/v2\/categories?post=58915"},{"taxonomy":"post_tag","embeddable":true,"href":"http:\/\/elurbanoweb.com.ar\/diario\/wp-json\/wp\/v2\/tags?post=58915"}],"curies":[{"name":"wp","href":"https:\/\/api.w.org\/{rel}","templated":true}]}}