{"id":58918,"date":"2025-08-09T10:29:17","date_gmt":"2025-08-09T13:29:17","guid":{"rendered":"https:\/\/elurbanoweb.com.ar\/diario\/?p=58918"},"modified":"2025-08-09T10:29:17","modified_gmt":"2025-08-09T13:29:17","slug":"la-banda-inaugurara-la-casa-de-la-chacarera-con-tres-dias-de-musica-danza-y-tradicion","status":"publish","type":"post","link":"http:\/\/elurbanoweb.com.ar\/diario\/la-banda-inaugurara-la-casa-de-la-chacarera-con-tres-dias-de-musica-danza-y-tradicion\/","title":{"rendered":"La Banda inaugurar\u00e1 \u201cLa Casa de la Chacarera\u201d con tres d\u00edas de m\u00fasica, danza y tradici\u00f3n"},"content":{"rendered":"<p>La propuesta forma parte de la tradicional Fiesta de la Abuela Carabajal y contar\u00e1 con actividades culturales, art\u00edsticas y gastron\u00f3micas.<\/p>\n<p><img loading=\"lazy\" decoding=\"async\" class=\"alignnone wp-image-58919 size-full\" src=\"http:\/\/elurbanoweb.com.ar\/diario\/wp-content\/uploads\/2025\/08\/chacarera.jpg\" alt=\"\" width=\"1010\" height=\"567\" srcset=\"http:\/\/elurbanoweb.com.ar\/diario\/wp-content\/uploads\/2025\/08\/chacarera.jpg 1010w, http:\/\/elurbanoweb.com.ar\/diario\/wp-content\/uploads\/2025\/08\/chacarera-300x168.jpg 300w, http:\/\/elurbanoweb.com.ar\/diario\/wp-content\/uploads\/2025\/08\/chacarera-150x84.jpg 150w\" sizes=\"auto, (max-width: 1010px) 100vw, 1010px\" \/><\/p>\n<p><!--more--><\/p>\n<p>La esquina de Avenida 25 de Mayo y Tucum\u00e1n, en la ciudad de La Banda, ser\u00e1 escenario de un hecho hist\u00f3rico para la cultura santiague\u00f1a: la inauguraci\u00f3n de \u201cLa Casa de la Chacarera\u201d, un lugar destinado a difundir, revalorizar y celebrar el ritmo popular que naci\u00f3 en esta provincia y hoy se reconoce en todo el pa\u00eds.<\/p>\n<p>La apertura oficial ser\u00e1 el viernes 15 de agosto a las 9:00, con entrada libre y gratuita. Durante tres jornadas, de 9 a 21 horas, el p\u00fablico podr\u00e1 disfrutar de homenajes, disertaciones, exposiciones de artistas pl\u00e1sticos, muestras de academias de danza, recitales de m\u00fasicos locales y nacionales, adem\u00e1s de una propuesta gastron\u00f3mica con sabores regionales.<\/p>\n<p>Un espacio para la identidad santiague\u00f1a y federal<\/p>\n<p>La iniciativa, ideada y creada por el cantautor bande\u00f1o Ciro Acu\u00f1a, est\u00e1 organizada por la Asociaci\u00f3n Civil de Fomento Vecinal de La Banda y cuenta con declaraciones de inter\u00e9s provincial, legislativo, educativo y de econom\u00eda social.<\/p>\n<p>\u201cLa Casa de la Chacarera\u201d no solo ser\u00e1 un punto de encuentro cultural en Santiago del Estero, sino que tendr\u00e1 car\u00e1cter itinerante, llevando la tradici\u00f3n de este ritmo a distintos puntos del pa\u00eds y del mundo.<\/p>\n<p>Seg\u00fan registros hist\u00f3ricos, la chacarera se bail\u00f3 por primera vez en 1850. Ahora, por primera vez, tendr\u00e1 un espacio propio que resguarde su memoria y difunda su esencia.<\/p>\n<p>En el marco de la Fiesta de la Abuela Carabajal<\/p>\n<p>La inauguraci\u00f3n se enmarca en el inicio de la Fiesta de la Abuela Carabajal, uno de los eventos folcl\u00f3ricos m\u00e1s importantes del pa\u00eds, que re\u00fane a miles de visitantes cada agosto para celebrar la m\u00fasica y la cultura santiague\u00f1a.<\/p>\n<p>Quienes deseen participar en la grilla de actividades pueden comunicarse al 385-4048910 (de 10 a 18 horas) para coordinar su presentaci\u00f3n.<\/p>\n","protected":false},"excerpt":{"rendered":"<p>La propuesta forma parte de la tradicional Fiesta de la Abuela Carabajal y contar\u00e1 con actividades culturales, art\u00edsticas y gastron\u00f3micas.<\/p>\n","protected":false},"author":1,"featured_media":58919,"comment_status":"closed","ping_status":"closed","sticky":false,"template":"","format":"standard","meta":{"footnotes":""},"categories":[9],"tags":[],"class_list":["post-58918","post","type-post","status-publish","format-standard","has-post-thumbnail","hentry","category-la-banda"],"_links":{"self":[{"href":"http:\/\/elurbanoweb.com.ar\/diario\/wp-json\/wp\/v2\/posts\/58918","targetHints":{"allow":["GET"]}}],"collection":[{"href":"http:\/\/elurbanoweb.com.ar\/diario\/wp-json\/wp\/v2\/posts"}],"about":[{"href":"http:\/\/elurbanoweb.com.ar\/diario\/wp-json\/wp\/v2\/types\/post"}],"author":[{"embeddable":true,"href":"http:\/\/elurbanoweb.com.ar\/diario\/wp-json\/wp\/v2\/users\/1"}],"replies":[{"embeddable":true,"href":"http:\/\/elurbanoweb.com.ar\/diario\/wp-json\/wp\/v2\/comments?post=58918"}],"version-history":[{"count":1,"href":"http:\/\/elurbanoweb.com.ar\/diario\/wp-json\/wp\/v2\/posts\/58918\/revisions"}],"predecessor-version":[{"id":58920,"href":"http:\/\/elurbanoweb.com.ar\/diario\/wp-json\/wp\/v2\/posts\/58918\/revisions\/58920"}],"wp:featuredmedia":[{"embeddable":true,"href":"http:\/\/elurbanoweb.com.ar\/diario\/wp-json\/wp\/v2\/media\/58919"}],"wp:attachment":[{"href":"http:\/\/elurbanoweb.com.ar\/diario\/wp-json\/wp\/v2\/media?parent=58918"}],"wp:term":[{"taxonomy":"category","embeddable":true,"href":"http:\/\/elurbanoweb.com.ar\/diario\/wp-json\/wp\/v2\/categories?post=58918"},{"taxonomy":"post_tag","embeddable":true,"href":"http:\/\/elurbanoweb.com.ar\/diario\/wp-json\/wp\/v2\/tags?post=58918"}],"curies":[{"name":"wp","href":"https:\/\/api.w.org\/{rel}","templated":true}]}}