{"id":58921,"date":"2025-08-09T10:30:24","date_gmt":"2025-08-09T13:30:24","guid":{"rendered":"https:\/\/elurbanoweb.com.ar\/diario\/?p=58921"},"modified":"2025-08-09T10:30:24","modified_gmt":"2025-08-09T13:30:24","slug":"elias-suarez-es-un-honor-y-una-enorme-responsabilidad-que-el-frente-civico-por-santiago-me-proclame-como-candidato-a-gobernador","status":"publish","type":"post","link":"http:\/\/elurbanoweb.com.ar\/diario\/elias-suarez-es-un-honor-y-una-enorme-responsabilidad-que-el-frente-civico-por-santiago-me-proclame-como-candidato-a-gobernador\/","title":{"rendered":"El\u00edas Su\u00e1rez: \u201cEs un honor y una enorme responsabilidad que el Frente C\u00edvico por Santiago me proclame como candidato a gobernador\u201d"},"content":{"rendered":"<p>El Frente C\u00edvico por Santiago proclam\u00f3 a El\u00edas Su\u00e1rez, actual jefe de Gabinete de Ministros de la provincia, como candidato a gobernador, y a Carlos Silva Neder como candidato a vicegobernador, para las elecciones provinciales del pr\u00f3ximo 26 de octubre.<\/p>\n<p><img loading=\"lazy\" decoding=\"async\" class=\"alignnone wp-image-58922 size-large\" src=\"http:\/\/elurbanoweb.com.ar\/diario\/wp-content\/uploads\/2025\/08\/elias2-1024x576.jpg\" alt=\"\" width=\"1024\" height=\"576\" srcset=\"http:\/\/elurbanoweb.com.ar\/diario\/wp-content\/uploads\/2025\/08\/elias2-1024x576.jpg 1024w, http:\/\/elurbanoweb.com.ar\/diario\/wp-content\/uploads\/2025\/08\/elias2-300x169.jpg 300w, http:\/\/elurbanoweb.com.ar\/diario\/wp-content\/uploads\/2025\/08\/elias2-150x84.jpg 150w, http:\/\/elurbanoweb.com.ar\/diario\/wp-content\/uploads\/2025\/08\/elias2.jpg 1386w\" sizes=\"auto, (max-width: 1024px) 100vw, 1024px\" \/><\/p>\n<p><!--more--><\/p>\n<p>En sus palabras, Su\u00e1rez expres\u00f3 que recibir esta designaci\u00f3n es \u201cun honor y una enorme responsabilidad\u201d y agradeci\u00f3 la confianza de su espacio pol\u00edtico, de cada sector y de cada santiague\u00f1o que lo acompa\u00f1a.<\/p>\n<p>Asimismo, afirm\u00f3 que asume este compromiso con la firme convicci\u00f3n de seguir trabajando por el crecimiento, el desarrollo y el bienestar de toda la provincia.<\/p>\n<p>El lanzamiento de la f\u00f3rmula se realizar\u00e1 el s\u00e1bado 9 de agosto, a las 11 horas, en el Consejo Profesional de Ciencias Econ\u00f3micas, donde se dar\u00e1 el primer paso de esta nueva etapa.<\/p>\n","protected":false},"excerpt":{"rendered":"<p>El Frente C\u00edvico por Santiago proclam\u00f3 a El\u00edas Su\u00e1rez, actual jefe de Gabinete de Ministros de la provincia, como candidato a gobernador, y a Carlos Silva Neder como candidato a&hellip; <\/p>\n","protected":false},"author":1,"featured_media":58922,"comment_status":"closed","ping_status":"closed","sticky":false,"template":"","format":"standard","meta":{"footnotes":""},"categories":[2],"tags":[],"class_list":["post-58921","post","type-post","status-publish","format-standard","has-post-thumbnail","hentry","category-gobierno"],"_links":{"self":[{"href":"http:\/\/elurbanoweb.com.ar\/diario\/wp-json\/wp\/v2\/posts\/58921","targetHints":{"allow":["GET"]}}],"collection":[{"href":"http:\/\/elurbanoweb.com.ar\/diario\/wp-json\/wp\/v2\/posts"}],"about":[{"href":"http:\/\/elurbanoweb.com.ar\/diario\/wp-json\/wp\/v2\/types\/post"}],"author":[{"embeddable":true,"href":"http:\/\/elurbanoweb.com.ar\/diario\/wp-json\/wp\/v2\/users\/1"}],"replies":[{"embeddable":true,"href":"http:\/\/elurbanoweb.com.ar\/diario\/wp-json\/wp\/v2\/comments?post=58921"}],"version-history":[{"count":1,"href":"http:\/\/elurbanoweb.com.ar\/diario\/wp-json\/wp\/v2\/posts\/58921\/revisions"}],"predecessor-version":[{"id":58923,"href":"http:\/\/elurbanoweb.com.ar\/diario\/wp-json\/wp\/v2\/posts\/58921\/revisions\/58923"}],"wp:featuredmedia":[{"embeddable":true,"href":"http:\/\/elurbanoweb.com.ar\/diario\/wp-json\/wp\/v2\/media\/58922"}],"wp:attachment":[{"href":"http:\/\/elurbanoweb.com.ar\/diario\/wp-json\/wp\/v2\/media?parent=58921"}],"wp:term":[{"taxonomy":"category","embeddable":true,"href":"http:\/\/elurbanoweb.com.ar\/diario\/wp-json\/wp\/v2\/categories?post=58921"},{"taxonomy":"post_tag","embeddable":true,"href":"http:\/\/elurbanoweb.com.ar\/diario\/wp-json\/wp\/v2\/tags?post=58921"}],"curies":[{"name":"wp","href":"https:\/\/api.w.org\/{rel}","templated":true}]}}