{"id":58927,"date":"2025-08-09T10:37:33","date_gmt":"2025-08-09T13:37:33","guid":{"rendered":"https:\/\/elurbanoweb.com.ar\/diario\/?p=58927"},"modified":"2025-08-09T10:37:33","modified_gmt":"2025-08-09T13:37:33","slug":"elias-suarez-una-vida-dedicada-a-la-gestion-publica-y-al-desarrollo-de-santiago-del-estero","status":"publish","type":"post","link":"http:\/\/elurbanoweb.com.ar\/diario\/elias-suarez-una-vida-dedicada-a-la-gestion-publica-y-al-desarrollo-de-santiago-del-estero\/","title":{"rendered":"El\u00edas Su\u00e1rez, una vida dedicada a la gesti\u00f3n p\u00fablica y al desarrollo de Santiago del Estero"},"content":{"rendered":"<p>Desde hace casi 20 a\u00f1os, el Jefe de Gabinete de Ministros encabeza espacios de di\u00e1logo, coordinaci\u00f3n y dise\u00f1o de pol\u00edticas p\u00fablicas que fortalecen el crecimiento y la inclusi\u00f3n en la provincia.<\/p>\n<p><img loading=\"lazy\" decoding=\"async\" class=\"alignnone wp-image-58928 size-large\" src=\"http:\/\/elurbanoweb.com.ar\/diario\/wp-content\/uploads\/2025\/08\/elias3-1024x681.jpg\" alt=\"\" width=\"1024\" height=\"681\" srcset=\"http:\/\/elurbanoweb.com.ar\/diario\/wp-content\/uploads\/2025\/08\/elias3-1024x681.jpg 1024w, http:\/\/elurbanoweb.com.ar\/diario\/wp-content\/uploads\/2025\/08\/elias3-300x200.jpg 300w, http:\/\/elurbanoweb.com.ar\/diario\/wp-content\/uploads\/2025\/08\/elias3-150x100.jpg 150w, http:\/\/elurbanoweb.com.ar\/diario\/wp-content\/uploads\/2025\/08\/elias3-1536x1022.jpg 1536w, http:\/\/elurbanoweb.com.ar\/diario\/wp-content\/uploads\/2025\/08\/elias3-2048x1362.jpg 2048w\" sizes=\"auto, (max-width: 1024px) 100vw, 1024px\" \/><\/p>\n<p><!--more--><\/p>\n<p>El\u00edas Miguel Su\u00e1rez, actual Jefe de Gabinete de Ministros de la provincia de Santiago del Estero, naci\u00f3 el 24 de febrero de 1956 en la ciudad Capital. Hijo de El\u00edas Su\u00e1rez y de Mar\u00eda Agueda Vivas, est\u00e1 casado desde 1980, es padre de dos hijos y abuelo de dos nietas de 7 y 2 a\u00f1os.<\/p>\n<p>Realiz\u00f3 sus estudios primarios en el Colegio Coraz\u00f3n de Mar\u00eda de C\u00f3rdoba y complet\u00f3 el secundario en el hist\u00f3rico Colegio Nacional Dean Funes. Su formaci\u00f3n universitaria incluy\u00f3 cuatro a\u00f1os en la carrera de Ingenier\u00eda Agron\u00f3mica, cursados en la Universidad Nacional de C\u00f3rdoba y en la Universidad Nacional del Litoral, en Esperanza, Santa Fe.<\/p>\n<p>Su primer cargo en la funci\u00f3n p\u00fablica fue en 1999, como Subsecretario de Prensa de la Municipalidad de la Capital.<\/p>\n<p>En 2001 fue designado Director de Relaciones Institucionales y en 2003 asumi\u00f3 como Secretario de Gobierno del municipio. En 2005 dio el salto a la \u00f3rbita provincial, cuando fue nombrado Jefe de Gabinete de Ministros, cargo que desempe\u00f1a de manera ininterrumpida hasta la actualidad, siendo uno de los funcionarios con mayor permanencia en la administraci\u00f3n p\u00fablica provincial.<\/p>\n<p>En su gesti\u00f3n, ha coordinado instancias de di\u00e1logo y trabajo clave para el desarrollo institucional, entre ellas: la Mesa de Di\u00e1logo y Trabajo Docente (Decretos N\u00b0647\/2005 y N\u00b0677\/2005), las mesas de di\u00e1logo con sindicatos de distintos sectores (Decreto N\u00b0770\/2005) y espacios de articulaci\u00f3n con productores rurales y referentes de la econom\u00eda local (Decreto N\u00b0830\/2006). Tambi\u00e9n impuls\u00f3 el Consejo de Promoci\u00f3n y Desarrollo Provincial (Decreto N\u00b0199\/2007), orientado a integrar pol\u00edticas de deporte, turismo y cultura con una visi\u00f3n territorial e inclusiva.<\/p>\n<p>En 2021, bajo su coordinaci\u00f3n, se cre\u00f3 el Gabinete de Pol\u00edticas Sociales e Innovaci\u00f3n (Decreto N\u00b02977\/2021), un espacio transversal para el dise\u00f1o de pol\u00edticas p\u00fablicas con enfoque social y territorial, reafirmando su compromiso con el progreso y la inclusi\u00f3n de todos los santiague\u00f1os.<\/p>\n","protected":false},"excerpt":{"rendered":"<p>Desde hace casi 20 a\u00f1os, el Jefe de Gabinete de Ministros encabeza espacios de di\u00e1logo, coordinaci\u00f3n y dise\u00f1o de pol\u00edticas p\u00fablicas que fortalecen el crecimiento y la inclusi\u00f3n en la&hellip; <\/p>\n","protected":false},"author":1,"featured_media":58928,"comment_status":"closed","ping_status":"closed","sticky":false,"template":"","format":"standard","meta":{"footnotes":""},"categories":[2],"tags":[],"class_list":["post-58927","post","type-post","status-publish","format-standard","has-post-thumbnail","hentry","category-gobierno"],"_links":{"self":[{"href":"http:\/\/elurbanoweb.com.ar\/diario\/wp-json\/wp\/v2\/posts\/58927","targetHints":{"allow":["GET"]}}],"collection":[{"href":"http:\/\/elurbanoweb.com.ar\/diario\/wp-json\/wp\/v2\/posts"}],"about":[{"href":"http:\/\/elurbanoweb.com.ar\/diario\/wp-json\/wp\/v2\/types\/post"}],"author":[{"embeddable":true,"href":"http:\/\/elurbanoweb.com.ar\/diario\/wp-json\/wp\/v2\/users\/1"}],"replies":[{"embeddable":true,"href":"http:\/\/elurbanoweb.com.ar\/diario\/wp-json\/wp\/v2\/comments?post=58927"}],"version-history":[{"count":1,"href":"http:\/\/elurbanoweb.com.ar\/diario\/wp-json\/wp\/v2\/posts\/58927\/revisions"}],"predecessor-version":[{"id":58929,"href":"http:\/\/elurbanoweb.com.ar\/diario\/wp-json\/wp\/v2\/posts\/58927\/revisions\/58929"}],"wp:featuredmedia":[{"embeddable":true,"href":"http:\/\/elurbanoweb.com.ar\/diario\/wp-json\/wp\/v2\/media\/58928"}],"wp:attachment":[{"href":"http:\/\/elurbanoweb.com.ar\/diario\/wp-json\/wp\/v2\/media?parent=58927"}],"wp:term":[{"taxonomy":"category","embeddable":true,"href":"http:\/\/elurbanoweb.com.ar\/diario\/wp-json\/wp\/v2\/categories?post=58927"},{"taxonomy":"post_tag","embeddable":true,"href":"http:\/\/elurbanoweb.com.ar\/diario\/wp-json\/wp\/v2\/tags?post=58927"}],"curies":[{"name":"wp","href":"https:\/\/api.w.org\/{rel}","templated":true}]}}