{"id":58996,"date":"2025-08-11T10:10:42","date_gmt":"2025-08-11T13:10:42","guid":{"rendered":"https:\/\/elurbanoweb.com.ar\/diario\/?p=58996"},"modified":"2025-08-11T10:10:42","modified_gmt":"2025-08-11T13:10:42","slug":"la-intendente-fuentes-asistio-a-la-inauguracion-del-centro-ecuestre-la-custodia","status":"publish","type":"post","link":"http:\/\/elurbanoweb.com.ar\/diario\/la-intendente-fuentes-asistio-a-la-inauguracion-del-centro-ecuestre-la-custodia\/","title":{"rendered":"La intendente Fuentes asisti\u00f3 a la inauguraci\u00f3n del Centro Ecuestre \u201cLa Custodia\u201d"},"content":{"rendered":"<p>La intendente de la Capital, Ing. Norma Fuentes, junto al secretario de deportes de la provincia, Carlos Dapello, particip\u00f3 de la apertura del Centro Ecuestre \u201cLa Custodia\u201d en la localidad de Santa Mar\u00eda, Departamento Capital.<\/p>\n<p><img loading=\"lazy\" decoding=\"async\" class=\"alignnone wp-image-58997 size-large\" src=\"http:\/\/elurbanoweb.com.ar\/diario\/wp-content\/uploads\/2025\/08\/custodia-1024x683.jpg\" alt=\"\" width=\"1024\" height=\"683\" srcset=\"http:\/\/elurbanoweb.com.ar\/diario\/wp-content\/uploads\/2025\/08\/custodia-1024x683.jpg 1024w, http:\/\/elurbanoweb.com.ar\/diario\/wp-content\/uploads\/2025\/08\/custodia-300x200.jpg 300w, http:\/\/elurbanoweb.com.ar\/diario\/wp-content\/uploads\/2025\/08\/custodia-150x100.jpg 150w, http:\/\/elurbanoweb.com.ar\/diario\/wp-content\/uploads\/2025\/08\/custodia.jpg 1392w\" sizes=\"auto, (max-width: 1024px) 100vw, 1024px\" \/><\/p>\n<p><!--more--> All\u00ed fue recibida por miembros de esa entidad, encabezados por Marcela Dapello. La jefa comunal concurri\u00f3 acompa\u00f1ada por el secretario de Coordinaci\u00f3n de la Municipalidad de la Capital, Daniel Kobyla\u00f1ski y el subsecretario de Econom\u00eda Francisco Zamora entre otros funcionarios.<\/p>\n<p><img loading=\"lazy\" decoding=\"async\" class=\"alignnone wp-image-58998 size-large\" src=\"http:\/\/elurbanoweb.com.ar\/diario\/wp-content\/uploads\/2025\/08\/custodia1-1024x683.jpg\" alt=\"\" width=\"1024\" height=\"683\" srcset=\"http:\/\/elurbanoweb.com.ar\/diario\/wp-content\/uploads\/2025\/08\/custodia1-1024x683.jpg 1024w, http:\/\/elurbanoweb.com.ar\/diario\/wp-content\/uploads\/2025\/08\/custodia1-300x200.jpg 300w, http:\/\/elurbanoweb.com.ar\/diario\/wp-content\/uploads\/2025\/08\/custodia1-150x100.jpg 150w, http:\/\/elurbanoweb.com.ar\/diario\/wp-content\/uploads\/2025\/08\/custodia1.jpg 1392w\" sizes=\"auto, (max-width: 1024px) 100vw, 1024px\" \/><\/p>\n<p>En el lugar, presenci\u00f3 un desfile de agrupaciones gauchas, donde se rindi\u00f3 homenaje pos mortem a dos de su referentes, Roberto Dapello y Ra\u00fal Ordo\u00f1ez Ducca, quien se desempe\u00f1\u00f3 en el cargo de fiscal de la Municipalidad.<\/p>\n<p>Durante la jornada de apertura, tambi\u00e9n se llevaron a cabo diferentes actividades, entre ellas, una cl\u00ednica a cargo de Carlos Cappa.<\/p>\n","protected":false},"excerpt":{"rendered":"<p>La intendente de la Capital, Ing. Norma Fuentes, junto al secretario de deportes de la provincia, Carlos Dapello, particip\u00f3 de la apertura del Centro Ecuestre \u201cLa Custodia\u201d en la localidad&hellip; <\/p>\n","protected":false},"author":1,"featured_media":58998,"comment_status":"closed","ping_status":"closed","sticky":false,"template":"","format":"standard","meta":{"footnotes":""},"categories":[3],"tags":[],"class_list":["post-58996","post","type-post","status-publish","format-standard","has-post-thumbnail","hentry","category-municipio"],"_links":{"self":[{"href":"http:\/\/elurbanoweb.com.ar\/diario\/wp-json\/wp\/v2\/posts\/58996","targetHints":{"allow":["GET"]}}],"collection":[{"href":"http:\/\/elurbanoweb.com.ar\/diario\/wp-json\/wp\/v2\/posts"}],"about":[{"href":"http:\/\/elurbanoweb.com.ar\/diario\/wp-json\/wp\/v2\/types\/post"}],"author":[{"embeddable":true,"href":"http:\/\/elurbanoweb.com.ar\/diario\/wp-json\/wp\/v2\/users\/1"}],"replies":[{"embeddable":true,"href":"http:\/\/elurbanoweb.com.ar\/diario\/wp-json\/wp\/v2\/comments?post=58996"}],"version-history":[{"count":1,"href":"http:\/\/elurbanoweb.com.ar\/diario\/wp-json\/wp\/v2\/posts\/58996\/revisions"}],"predecessor-version":[{"id":58999,"href":"http:\/\/elurbanoweb.com.ar\/diario\/wp-json\/wp\/v2\/posts\/58996\/revisions\/58999"}],"wp:featuredmedia":[{"embeddable":true,"href":"http:\/\/elurbanoweb.com.ar\/diario\/wp-json\/wp\/v2\/media\/58998"}],"wp:attachment":[{"href":"http:\/\/elurbanoweb.com.ar\/diario\/wp-json\/wp\/v2\/media?parent=58996"}],"wp:term":[{"taxonomy":"category","embeddable":true,"href":"http:\/\/elurbanoweb.com.ar\/diario\/wp-json\/wp\/v2\/categories?post=58996"},{"taxonomy":"post_tag","embeddable":true,"href":"http:\/\/elurbanoweb.com.ar\/diario\/wp-json\/wp\/v2\/tags?post=58996"}],"curies":[{"name":"wp","href":"https:\/\/api.w.org\/{rel}","templated":true}]}}