{"id":59000,"date":"2025-08-11T13:52:01","date_gmt":"2025-08-11T16:52:01","guid":{"rendered":"https:\/\/elurbanoweb.com.ar\/diario\/?p=59000"},"modified":"2025-08-11T13:52:01","modified_gmt":"2025-08-11T16:52:01","slug":"el-martes-12-se-pagara-la-segunda-cuota-del-bono-aguinaldo-a-los-empleados-publicos","status":"publish","type":"post","link":"http:\/\/elurbanoweb.com.ar\/diario\/el-martes-12-se-pagara-la-segunda-cuota-del-bono-aguinaldo-a-los-empleados-publicos\/","title":{"rendered":"El martes 12 se pagar\u00e1 la segunda cuota del bono aguinaldo a los empleados p\u00fablicos"},"content":{"rendered":"<p>En cumplimiento con el cronograma de pagos establecido oportunamente por el Ministerio de Econom\u00eda de la provincia, este martes 12 de agosto a partir de las 8 horas estar\u00e1 disponible en sus cuentas bancarias el pago de la segunda cuota del Bono Aguinaldo a todos los trabajadores de la administraci\u00f3n p\u00fablica provincial.<\/p>\n<p><img loading=\"lazy\" decoding=\"async\" class=\"alignnone wp-image-59001 size-full\" src=\"http:\/\/elurbanoweb.com.ar\/diario\/wp-content\/uploads\/2025\/08\/platica.jpg\" alt=\"\" width=\"1010\" height=\"567\" srcset=\"http:\/\/elurbanoweb.com.ar\/diario\/wp-content\/uploads\/2025\/08\/platica.jpg 1010w, http:\/\/elurbanoweb.com.ar\/diario\/wp-content\/uploads\/2025\/08\/platica-300x168.jpg 300w, http:\/\/elurbanoweb.com.ar\/diario\/wp-content\/uploads\/2025\/08\/platica-150x84.jpg 150w\" sizes=\"auto, (max-width: 1010px) 100vw, 1010px\" \/><\/p>\n<p><!--more--><\/p>\n<p>Como se recordar\u00e1, el gobernador Gerardo Zamora hab\u00eda anunciado en su mensaje anual del pasado 27 de abril ofrecido ante la C\u00e1mara de Diputados el pago de dicho beneficio por un total de $ 1.000.000, que se abonar\u00e1 en dos cuotas de $ 500.000.<\/p>\n<p>Cabe resaltar que dicho monto y esquema de pagos surgi\u00f3 de un acuerdo con todos los sectores que integran la Mesa de Di\u00e1logo y Trabajo.<\/p>\n<p>Tambi\u00e9n ser\u00e1n alcanzados por este beneficio los obreros y empleados de los municipios que se hayan adherido a la medida y que, de no contar con los recursos financieros de forma inmediata, el Gobierno de la provincia los asistir\u00e1 con los montos correspondientes<\/p>\n","protected":false},"excerpt":{"rendered":"<p>En cumplimiento con el cronograma de pagos establecido oportunamente por el Ministerio de Econom\u00eda de la provincia, este martes 12 de agosto a partir de las 8 horas estar\u00e1 disponible&hellip; <\/p>\n","protected":false},"author":1,"featured_media":59001,"comment_status":"closed","ping_status":"closed","sticky":false,"template":"","format":"standard","meta":{"footnotes":""},"categories":[16],"tags":[],"class_list":["post-59000","post","type-post","status-publish","format-standard","has-post-thumbnail","hentry","category-locales"],"_links":{"self":[{"href":"http:\/\/elurbanoweb.com.ar\/diario\/wp-json\/wp\/v2\/posts\/59000","targetHints":{"allow":["GET"]}}],"collection":[{"href":"http:\/\/elurbanoweb.com.ar\/diario\/wp-json\/wp\/v2\/posts"}],"about":[{"href":"http:\/\/elurbanoweb.com.ar\/diario\/wp-json\/wp\/v2\/types\/post"}],"author":[{"embeddable":true,"href":"http:\/\/elurbanoweb.com.ar\/diario\/wp-json\/wp\/v2\/users\/1"}],"replies":[{"embeddable":true,"href":"http:\/\/elurbanoweb.com.ar\/diario\/wp-json\/wp\/v2\/comments?post=59000"}],"version-history":[{"count":1,"href":"http:\/\/elurbanoweb.com.ar\/diario\/wp-json\/wp\/v2\/posts\/59000\/revisions"}],"predecessor-version":[{"id":59002,"href":"http:\/\/elurbanoweb.com.ar\/diario\/wp-json\/wp\/v2\/posts\/59000\/revisions\/59002"}],"wp:featuredmedia":[{"embeddable":true,"href":"http:\/\/elurbanoweb.com.ar\/diario\/wp-json\/wp\/v2\/media\/59001"}],"wp:attachment":[{"href":"http:\/\/elurbanoweb.com.ar\/diario\/wp-json\/wp\/v2\/media?parent=59000"}],"wp:term":[{"taxonomy":"category","embeddable":true,"href":"http:\/\/elurbanoweb.com.ar\/diario\/wp-json\/wp\/v2\/categories?post=59000"},{"taxonomy":"post_tag","embeddable":true,"href":"http:\/\/elurbanoweb.com.ar\/diario\/wp-json\/wp\/v2\/tags?post=59000"}],"curies":[{"name":"wp","href":"https:\/\/api.w.org\/{rel}","templated":true}]}}