{"id":59021,"date":"2025-08-12T09:23:49","date_gmt":"2025-08-12T12:23:49","guid":{"rendered":"https:\/\/elurbanoweb.com.ar\/diario\/?p=59021"},"modified":"2025-08-12T09:23:49","modified_gmt":"2025-08-12T12:23:49","slug":"distinguieron-al-dr-llugdar-por-su-participacion-en-la-reforma-constitucional-de-2005","status":"publish","type":"post","link":"http:\/\/elurbanoweb.com.ar\/diario\/distinguieron-al-dr-llugdar-por-su-participacion-en-la-reforma-constitucional-de-2005\/","title":{"rendered":"Distinguieron al Dr. Llugdar por su participaci\u00f3n en la Reforma Constitucional de 2005"},"content":{"rendered":"<p>El vicepresidente primero del Superior Tribunal de Justicia, Dr. Eduardo Llugdar, asisti\u00f3 esta tarde a la ceremonia realizada porque se cumplen 20 a\u00f1os de la Reforma de la Constituci\u00f3n de la Provincia de Santiago del Estero.<\/p>\n<p><img loading=\"lazy\" decoding=\"async\" class=\"alignnone wp-image-59022 size-full\" src=\"http:\/\/elurbanoweb.com.ar\/diario\/wp-content\/uploads\/2025\/08\/llugdar.jpg\" alt=\"\" width=\"1010\" height=\"567\" srcset=\"http:\/\/elurbanoweb.com.ar\/diario\/wp-content\/uploads\/2025\/08\/llugdar.jpg 1010w, http:\/\/elurbanoweb.com.ar\/diario\/wp-content\/uploads\/2025\/08\/llugdar-300x168.jpg 300w, http:\/\/elurbanoweb.com.ar\/diario\/wp-content\/uploads\/2025\/08\/llugdar-150x84.jpg 150w\" sizes=\"auto, (max-width: 1010px) 100vw, 1010px\" \/><\/p>\n<p><!--more--><\/p>\n<p>En ese marco, el magistrado fue distinguido, junto a quienes fueron convencionales constituyentes y funcionarios, por el trabajo y aporte que efectuaron en este proceso hist\u00f3rico, del que se cumplen dos d\u00e9cadas.<\/p>\n<p>En el inicio del evento se destac\u00f3 la importancia de este reconocimiento, cuyo objetivo es engrandecer los valores y la cultura, en la fuerza de las acciones que tuvo esta reforma de la Carta Magna santiague\u00f1a, para impulsar el progreso provincial.<\/p>\n<p>Por esta raz\u00f3n, se entregaron medallas conmemorativas realizadas con materiales reciclables, como gesto simb\u00f3lico a la sustentabilidad.<\/p>\n<p>La iniciativa surge de la presentaci\u00f3n del Libro del Dr. C\u00e9sar Ovejero Silvero, que documenta este hito hist\u00f3rico, fue declarado de inter\u00e9s por el Concejo Deliberante de la ciudad Capital.<\/p>\n<p>La ceremonia estuvo organizada por la Asociaci\u00f3n Civil Los Cha\u00f1ares, que lleva adelante proyectos en beneficios a la comunidad.<\/p>\n","protected":false},"excerpt":{"rendered":"<p>El vicepresidente primero del Superior Tribunal de Justicia, Dr. Eduardo Llugdar, asisti\u00f3 esta tarde a la ceremonia realizada porque se cumplen 20 a\u00f1os de la Reforma de la Constituci\u00f3n de&hellip; <\/p>\n","protected":false},"author":1,"featured_media":59022,"comment_status":"closed","ping_status":"closed","sticky":false,"template":"","format":"standard","meta":{"footnotes":""},"categories":[16],"tags":[],"class_list":["post-59021","post","type-post","status-publish","format-standard","has-post-thumbnail","hentry","category-locales"],"_links":{"self":[{"href":"http:\/\/elurbanoweb.com.ar\/diario\/wp-json\/wp\/v2\/posts\/59021","targetHints":{"allow":["GET"]}}],"collection":[{"href":"http:\/\/elurbanoweb.com.ar\/diario\/wp-json\/wp\/v2\/posts"}],"about":[{"href":"http:\/\/elurbanoweb.com.ar\/diario\/wp-json\/wp\/v2\/types\/post"}],"author":[{"embeddable":true,"href":"http:\/\/elurbanoweb.com.ar\/diario\/wp-json\/wp\/v2\/users\/1"}],"replies":[{"embeddable":true,"href":"http:\/\/elurbanoweb.com.ar\/diario\/wp-json\/wp\/v2\/comments?post=59021"}],"version-history":[{"count":1,"href":"http:\/\/elurbanoweb.com.ar\/diario\/wp-json\/wp\/v2\/posts\/59021\/revisions"}],"predecessor-version":[{"id":59023,"href":"http:\/\/elurbanoweb.com.ar\/diario\/wp-json\/wp\/v2\/posts\/59021\/revisions\/59023"}],"wp:featuredmedia":[{"embeddable":true,"href":"http:\/\/elurbanoweb.com.ar\/diario\/wp-json\/wp\/v2\/media\/59022"}],"wp:attachment":[{"href":"http:\/\/elurbanoweb.com.ar\/diario\/wp-json\/wp\/v2\/media?parent=59021"}],"wp:term":[{"taxonomy":"category","embeddable":true,"href":"http:\/\/elurbanoweb.com.ar\/diario\/wp-json\/wp\/v2\/categories?post=59021"},{"taxonomy":"post_tag","embeddable":true,"href":"http:\/\/elurbanoweb.com.ar\/diario\/wp-json\/wp\/v2\/tags?post=59021"}],"curies":[{"name":"wp","href":"https:\/\/api.w.org\/{rel}","templated":true}]}}