{"id":59047,"date":"2025-08-12T21:29:18","date_gmt":"2025-08-13T00:29:18","guid":{"rendered":"https:\/\/elurbanoweb.com.ar\/diario\/?p=59047"},"modified":"2025-08-12T21:29:18","modified_gmt":"2025-08-13T00:29:18","slug":"el-prof-migui-nicolau-con-la-mutual-santiaguena-acompanando-a-la-nueva-formula-del-frente-civico-por-santiago","status":"publish","type":"post","link":"http:\/\/elurbanoweb.com.ar\/diario\/el-prof-migui-nicolau-con-la-mutual-santiaguena-acompanando-a-la-nueva-formula-del-frente-civico-por-santiago\/","title":{"rendered":"El Prof. Migui Nicolau, con la Mutual Santiague\u00f1a, acompa\u00f1ando a la Nueva F\u00f3rmula del Frente C\u00edvico por Santiago"},"content":{"rendered":"<p>El Profesor Migui Nicolau acompa\u00f1\u00f3 con su agrupaci\u00f3n al lanzamiento de la Nueva F\u00f3rmula El\u00edas Miguel Su\u00e1rez y Carlos Silva Neder como candidatos a gobernador y vicegobernador de nuestra provincia en las elecciones de Octubre.<\/p>\n<p><img loading=\"lazy\" decoding=\"async\" class=\"alignnone wp-image-59049 size-large\" src=\"http:\/\/elurbanoweb.com.ar\/diario\/wp-content\/uploads\/2025\/08\/todos6-969x1024.jpg\" alt=\"\" width=\"969\" height=\"1024\" srcset=\"http:\/\/elurbanoweb.com.ar\/diario\/wp-content\/uploads\/2025\/08\/todos6-969x1024.jpg 969w, http:\/\/elurbanoweb.com.ar\/diario\/wp-content\/uploads\/2025\/08\/todos6-284x300.jpg 284w, http:\/\/elurbanoweb.com.ar\/diario\/wp-content\/uploads\/2025\/08\/todos6-142x150.jpg 142w, http:\/\/elurbanoweb.com.ar\/diario\/wp-content\/uploads\/2025\/08\/todos6.jpg 1204w\" sizes=\"auto, (max-width: 969px) 100vw, 969px\" \/><\/p>\n<p><!--more--><\/p>\n<p>Con vistas a las elecciones provinciales y nacionales del pr\u00f3ximo 26 de octubre, hace instantes, junto con el presidente del PJ santiague\u00f1o, Jos\u00e9 Emilio Neder participamos de un plenario con j\u00f3venes militantes de la Agrupaci\u00f3n Identidad Peronista, ciudad Capital, referenciada por Exequiel Avila.<\/p>\n<p><img loading=\"lazy\" decoding=\"async\" class=\"alignnone wp-image-59048 size-large\" src=\"http:\/\/elurbanoweb.com.ar\/diario\/wp-content\/uploads\/2025\/08\/todos3-1024x638.jpg\" alt=\"\" width=\"1024\" height=\"638\" srcset=\"http:\/\/elurbanoweb.com.ar\/diario\/wp-content\/uploads\/2025\/08\/todos3-1024x638.jpg 1024w, http:\/\/elurbanoweb.com.ar\/diario\/wp-content\/uploads\/2025\/08\/todos3-300x187.jpg 300w, http:\/\/elurbanoweb.com.ar\/diario\/wp-content\/uploads\/2025\/08\/todos3-150x93.jpg 150w, http:\/\/elurbanoweb.com.ar\/diario\/wp-content\/uploads\/2025\/08\/todos3-1536x956.jpg 1536w, http:\/\/elurbanoweb.com.ar\/diario\/wp-content\/uploads\/2025\/08\/todos3.jpg 2048w\" sizes=\"auto, (max-width: 1024px) 100vw, 1024px\" \/><\/p>\n<p>Estuvieron presentes tambi\u00e9n los compa\u00f1eros Jos\u00e9 Herrera, Marcelo Barbur y Quique \u00c1vila, entre otros.<\/p>\n<p><img loading=\"lazy\" decoding=\"async\" class=\"alignnone wp-image-59050 size-large\" src=\"http:\/\/elurbanoweb.com.ar\/diario\/wp-content\/uploads\/2025\/08\/todos8-1024x506.jpg\" alt=\"\" width=\"1024\" height=\"506\" srcset=\"http:\/\/elurbanoweb.com.ar\/diario\/wp-content\/uploads\/2025\/08\/todos8-1024x506.jpg 1024w, http:\/\/elurbanoweb.com.ar\/diario\/wp-content\/uploads\/2025\/08\/todos8-300x148.jpg 300w, http:\/\/elurbanoweb.com.ar\/diario\/wp-content\/uploads\/2025\/08\/todos8-150x74.jpg 150w, http:\/\/elurbanoweb.com.ar\/diario\/wp-content\/uploads\/2025\/08\/todos8.jpg 1086w\" sizes=\"auto, (max-width: 1024px) 100vw, 1024px\" \/><\/p>\n","protected":false},"excerpt":{"rendered":"<p>El Profesor Migui Nicolau acompa\u00f1\u00f3 con su agrupaci\u00f3n al lanzamiento de la Nueva F\u00f3rmula El\u00edas Miguel Su\u00e1rez y Carlos Silva Neder como candidatos a gobernador y vicegobernador de nuestra provincia&hellip; <\/p>\n","protected":false},"author":1,"featured_media":59051,"comment_status":"closed","ping_status":"closed","sticky":false,"template":"","format":"standard","meta":{"footnotes":""},"categories":[2],"tags":[],"class_list":["post-59047","post","type-post","status-publish","format-standard","has-post-thumbnail","hentry","category-gobierno"],"_links":{"self":[{"href":"http:\/\/elurbanoweb.com.ar\/diario\/wp-json\/wp\/v2\/posts\/59047","targetHints":{"allow":["GET"]}}],"collection":[{"href":"http:\/\/elurbanoweb.com.ar\/diario\/wp-json\/wp\/v2\/posts"}],"about":[{"href":"http:\/\/elurbanoweb.com.ar\/diario\/wp-json\/wp\/v2\/types\/post"}],"author":[{"embeddable":true,"href":"http:\/\/elurbanoweb.com.ar\/diario\/wp-json\/wp\/v2\/users\/1"}],"replies":[{"embeddable":true,"href":"http:\/\/elurbanoweb.com.ar\/diario\/wp-json\/wp\/v2\/comments?post=59047"}],"version-history":[{"count":1,"href":"http:\/\/elurbanoweb.com.ar\/diario\/wp-json\/wp\/v2\/posts\/59047\/revisions"}],"predecessor-version":[{"id":59052,"href":"http:\/\/elurbanoweb.com.ar\/diario\/wp-json\/wp\/v2\/posts\/59047\/revisions\/59052"}],"wp:featuredmedia":[{"embeddable":true,"href":"http:\/\/elurbanoweb.com.ar\/diario\/wp-json\/wp\/v2\/media\/59051"}],"wp:attachment":[{"href":"http:\/\/elurbanoweb.com.ar\/diario\/wp-json\/wp\/v2\/media?parent=59047"}],"wp:term":[{"taxonomy":"category","embeddable":true,"href":"http:\/\/elurbanoweb.com.ar\/diario\/wp-json\/wp\/v2\/categories?post=59047"},{"taxonomy":"post_tag","embeddable":true,"href":"http:\/\/elurbanoweb.com.ar\/diario\/wp-json\/wp\/v2\/tags?post=59047"}],"curies":[{"name":"wp","href":"https:\/\/api.w.org\/{rel}","templated":true}]}}