{"id":59053,"date":"2025-08-13T00:02:03","date_gmt":"2025-08-13T03:02:03","guid":{"rendered":"https:\/\/elurbanoweb.com.ar\/diario\/?p=59053"},"modified":"2025-08-13T00:02:03","modified_gmt":"2025-08-13T03:02:03","slug":"defensa-civil-asistio-a-una-familia-de-quimili-que-perdio-todo-en-un-incendio","status":"publish","type":"post","link":"http:\/\/elurbanoweb.com.ar\/diario\/defensa-civil-asistio-a-una-familia-de-quimili-que-perdio-todo-en-un-incendio\/","title":{"rendered":"Defensa Civil asisti\u00f3 a una familia de Quimil\u00ed que perdi\u00f3 todo en un incendio"},"content":{"rendered":"<p>El siniestro ocurri\u00f3 en una vivienda alquilada del barrio Col\u00f3n. La familia qued\u00f3 en situaci\u00f3n de calle y recibi\u00f3 ayuda con elementos de primera necesidad.<\/p>\n<p><img loading=\"lazy\" decoding=\"async\" class=\"alignnone wp-image-59054 size-full\" src=\"http:\/\/elurbanoweb.com.ar\/diario\/wp-content\/uploads\/2025\/08\/defensa.jpg\" alt=\"\" width=\"1010\" height=\"567\" srcset=\"http:\/\/elurbanoweb.com.ar\/diario\/wp-content\/uploads\/2025\/08\/defensa.jpg 1010w, http:\/\/elurbanoweb.com.ar\/diario\/wp-content\/uploads\/2025\/08\/defensa-300x168.jpg 300w, http:\/\/elurbanoweb.com.ar\/diario\/wp-content\/uploads\/2025\/08\/defensa-150x84.jpg 150w\" sizes=\"auto, (max-width: 1010px) 100vw, 1010px\" \/><\/p>\n<p><!--more--><\/p>\n<p>En las \u00faltimas horas, una familia del barrio Colon de la ciudad de Quimil\u00ed, que d\u00edas atr\u00e1s sufri\u00f3 el incendio de su vivienda, fueron asistidos por Defensa Civil de la provincia con asistencia directa por la urgencia del caso.<\/p>\n<p>En la oportunidad el personal del organismo provincial los asisti\u00f3 con mobiliario, colchones, frazadas, indumentaria, calzados, y unidades alimentarias.<\/p>\n<p>Cabe resaltar que la familia damnificada resid\u00eda en una vivienda de alquiler, y las p\u00e9rdidas fueron totales, por lo que quedaron en situaci\u00f3n de calle. Ante ello, las autoridades municipales se comprometieron a gestionarles una vivienda social.<\/p>\n","protected":false},"excerpt":{"rendered":"<p>El siniestro ocurri\u00f3 en una vivienda alquilada del barrio Col\u00f3n. La familia qued\u00f3 en situaci\u00f3n de calle y recibi\u00f3 ayuda con elementos de primera necesidad.<\/p>\n","protected":false},"author":1,"featured_media":59054,"comment_status":"closed","ping_status":"closed","sticky":false,"template":"","format":"standard","meta":{"footnotes":""},"categories":[10],"tags":[],"class_list":["post-59053","post","type-post","status-publish","format-standard","has-post-thumbnail","hentry","category-interior"],"_links":{"self":[{"href":"http:\/\/elurbanoweb.com.ar\/diario\/wp-json\/wp\/v2\/posts\/59053","targetHints":{"allow":["GET"]}}],"collection":[{"href":"http:\/\/elurbanoweb.com.ar\/diario\/wp-json\/wp\/v2\/posts"}],"about":[{"href":"http:\/\/elurbanoweb.com.ar\/diario\/wp-json\/wp\/v2\/types\/post"}],"author":[{"embeddable":true,"href":"http:\/\/elurbanoweb.com.ar\/diario\/wp-json\/wp\/v2\/users\/1"}],"replies":[{"embeddable":true,"href":"http:\/\/elurbanoweb.com.ar\/diario\/wp-json\/wp\/v2\/comments?post=59053"}],"version-history":[{"count":1,"href":"http:\/\/elurbanoweb.com.ar\/diario\/wp-json\/wp\/v2\/posts\/59053\/revisions"}],"predecessor-version":[{"id":59055,"href":"http:\/\/elurbanoweb.com.ar\/diario\/wp-json\/wp\/v2\/posts\/59053\/revisions\/59055"}],"wp:featuredmedia":[{"embeddable":true,"href":"http:\/\/elurbanoweb.com.ar\/diario\/wp-json\/wp\/v2\/media\/59054"}],"wp:attachment":[{"href":"http:\/\/elurbanoweb.com.ar\/diario\/wp-json\/wp\/v2\/media?parent=59053"}],"wp:term":[{"taxonomy":"category","embeddable":true,"href":"http:\/\/elurbanoweb.com.ar\/diario\/wp-json\/wp\/v2\/categories?post=59053"},{"taxonomy":"post_tag","embeddable":true,"href":"http:\/\/elurbanoweb.com.ar\/diario\/wp-json\/wp\/v2\/tags?post=59053"}],"curies":[{"name":"wp","href":"https:\/\/api.w.org\/{rel}","templated":true}]}}