{"id":59087,"date":"2025-08-13T09:30:04","date_gmt":"2025-08-13T12:30:04","guid":{"rendered":"https:\/\/elurbanoweb.com.ar\/diario\/?p=59087"},"modified":"2025-08-13T09:30:04","modified_gmt":"2025-08-13T12:30:04","slug":"la-intendente-fuentes-entrego-ropa-de-trabajo-al-personal-de-gestion-urbana","status":"publish","type":"post","link":"http:\/\/elurbanoweb.com.ar\/diario\/la-intendente-fuentes-entrego-ropa-de-trabajo-al-personal-de-gestion-urbana\/","title":{"rendered":"La intendente Fuentes entreg\u00f3 ropa de trabajo al personal de Gesti\u00f3n Urbana"},"content":{"rendered":"<p>La intendente, Ing. Norma Fuentes, realiz\u00f3 una nueva entrega de uniformes a m\u00e1s de 100 empleados pertenecientes al \u00e1rea de Control de Gesti\u00f3n Urbana, en la continuidad del programa de provisi\u00f3n de elementos de trabajo para el personal.<\/p>\n<p><img loading=\"lazy\" decoding=\"async\" class=\"alignnone wp-image-59088 size-large\" src=\"http:\/\/elurbanoweb.com.ar\/diario\/wp-content\/uploads\/2025\/08\/gestion2-1024x682.jpg\" alt=\"\" width=\"1024\" height=\"682\" srcset=\"http:\/\/elurbanoweb.com.ar\/diario\/wp-content\/uploads\/2025\/08\/gestion2-1024x682.jpg 1024w, http:\/\/elurbanoweb.com.ar\/diario\/wp-content\/uploads\/2025\/08\/gestion2-300x200.jpg 300w, http:\/\/elurbanoweb.com.ar\/diario\/wp-content\/uploads\/2025\/08\/gestion2-150x100.jpg 150w, http:\/\/elurbanoweb.com.ar\/diario\/wp-content\/uploads\/2025\/08\/gestion2-1536x1023.jpg 1536w, http:\/\/elurbanoweb.com.ar\/diario\/wp-content\/uploads\/2025\/08\/gestion2.jpg 1600w\" sizes=\"auto, (max-width: 1024px) 100vw, 1024px\" \/><\/p>\n<p><!--more--> Se otorgaron camperas impermeables color azul tanto al cuerpo de inspectores femeninos y masculinos como a los empleados de mantenimiento y limpieza de las peatonales y del predio de los food trucks.<\/p>\n<p>\u00abLa entrega de uniformes es una forma de agradecer y valorar el trabajo de cada empleado municipal, que cada d\u00eda redobla los esfuerzos para mejorar el servicio y la atenci\u00f3n que se presta a los vecinos\u00bb, indic\u00f3 la jefa comunal.<\/p>\n<p>La Ing. Fuentes destac\u00f3 \u00abla importancia de seguir fortaleciendo el compa\u00f1erismo y el sentimiento de pertenencia a la familia municipal, honrando el trabajo y pensando en ayudar a los dem\u00e1s y en alcanzar el bien com\u00fan\u00bb.<\/p>\n<p>Por su parte, la subdirectora de la repartici\u00f3n, Doris Gerez, remarc\u00f3 que \u00abla nueva indumentaria nos permite distinguirnos y nos brinda mayor confort y seguridad, por lo que agradezco a la intendente Fuentes por atender siempre las necesidades de los empleados\u00bb.<\/p>\n<p>El acto cont\u00f3 con la participaci\u00f3n de los secretarios de gobierno, N\u00e9stor Machado; de Planeamiento, Obras y Servicios P\u00fablicos, Jorge Vila; adem\u00e1s de la subsecretaria de Obras P\u00fablicas Rosa Allalla y del titular de Simusa, Leandro \u00c1lvarez.<\/p>\n","protected":false},"excerpt":{"rendered":"<p>La intendente, Ing. Norma Fuentes, realiz\u00f3 una nueva entrega de uniformes a m\u00e1s de 100 empleados pertenecientes al \u00e1rea de Control de Gesti\u00f3n Urbana, en la continuidad del programa de&hellip; <\/p>\n","protected":false},"author":1,"featured_media":59088,"comment_status":"closed","ping_status":"closed","sticky":false,"template":"","format":"standard","meta":{"footnotes":""},"categories":[3],"tags":[],"class_list":["post-59087","post","type-post","status-publish","format-standard","has-post-thumbnail","hentry","category-municipio"],"_links":{"self":[{"href":"http:\/\/elurbanoweb.com.ar\/diario\/wp-json\/wp\/v2\/posts\/59087","targetHints":{"allow":["GET"]}}],"collection":[{"href":"http:\/\/elurbanoweb.com.ar\/diario\/wp-json\/wp\/v2\/posts"}],"about":[{"href":"http:\/\/elurbanoweb.com.ar\/diario\/wp-json\/wp\/v2\/types\/post"}],"author":[{"embeddable":true,"href":"http:\/\/elurbanoweb.com.ar\/diario\/wp-json\/wp\/v2\/users\/1"}],"replies":[{"embeddable":true,"href":"http:\/\/elurbanoweb.com.ar\/diario\/wp-json\/wp\/v2\/comments?post=59087"}],"version-history":[{"count":1,"href":"http:\/\/elurbanoweb.com.ar\/diario\/wp-json\/wp\/v2\/posts\/59087\/revisions"}],"predecessor-version":[{"id":59089,"href":"http:\/\/elurbanoweb.com.ar\/diario\/wp-json\/wp\/v2\/posts\/59087\/revisions\/59089"}],"wp:featuredmedia":[{"embeddable":true,"href":"http:\/\/elurbanoweb.com.ar\/diario\/wp-json\/wp\/v2\/media\/59088"}],"wp:attachment":[{"href":"http:\/\/elurbanoweb.com.ar\/diario\/wp-json\/wp\/v2\/media?parent=59087"}],"wp:term":[{"taxonomy":"category","embeddable":true,"href":"http:\/\/elurbanoweb.com.ar\/diario\/wp-json\/wp\/v2\/categories?post=59087"},{"taxonomy":"post_tag","embeddable":true,"href":"http:\/\/elurbanoweb.com.ar\/diario\/wp-json\/wp\/v2\/tags?post=59087"}],"curies":[{"name":"wp","href":"https:\/\/api.w.org\/{rel}","templated":true}]}}