{"id":59090,"date":"2025-08-13T09:31:40","date_gmt":"2025-08-13T12:31:40","guid":{"rendered":"https:\/\/elurbanoweb.com.ar\/diario\/?p=59090"},"modified":"2025-08-13T09:31:40","modified_gmt":"2025-08-13T12:31:40","slug":"elias-suarez-si-la-gente-lo-decide-seguire-trabajando-para-que-santiago-mantenga-su-camino-de-crecimiento-y-oportunidades","status":"publish","type":"post","link":"http:\/\/elurbanoweb.com.ar\/diario\/elias-suarez-si-la-gente-lo-decide-seguire-trabajando-para-que-santiago-mantenga-su-camino-de-crecimiento-y-oportunidades\/","title":{"rendered":"El\u00edas Su\u00e1rez: \u201cSi la gente lo decide, seguir\u00e9 trabajando para que Santiago mantenga su camino de crecimiento y oportunidades\u201d"},"content":{"rendered":"<p>El actual jefe de Gabinete y candidato a gobernador del Frente C\u00edvico, estuvo este martes en Libertad de Opini\u00f3n y se mostr\u00f3 emocionado por representar al espacio que gobierna la Provincia desde 2005.<\/p>\n<p><img loading=\"lazy\" decoding=\"async\" class=\"alignnone wp-image-59091 size-full\" src=\"http:\/\/elurbanoweb.com.ar\/diario\/wp-content\/uploads\/2025\/08\/elias0.jpg\" alt=\"\" width=\"1010\" height=\"567\" srcset=\"http:\/\/elurbanoweb.com.ar\/diario\/wp-content\/uploads\/2025\/08\/elias0.jpg 1010w, http:\/\/elurbanoweb.com.ar\/diario\/wp-content\/uploads\/2025\/08\/elias0-300x168.jpg 300w, http:\/\/elurbanoweb.com.ar\/diario\/wp-content\/uploads\/2025\/08\/elias0-150x84.jpg 150w\" sizes=\"auto, (max-width: 1010px) 100vw, 1010px\" \/><\/p>\n<p><!--more--><\/p>\n<p>El candidato a gobernador por el Frente C\u00edvico, El\u00edas Miguel Su\u00e1rez, defini\u00f3 su postulaci\u00f3n como \u201cuna gran responsabilidad, un compromiso y un desaf\u00edo\u201d que asume con la convicci\u00f3n de seguir garantizando un rumbo de crecimiento para Santiago del Estero. En di\u00e1logo con Libertad de Opini\u00f3n, afirm\u00f3 que cada vez que los santiague\u00f1os son convocados a votar, lo hacen con un profundo sentido de responsabilidad, y que su propuesta es mantener a la provincia en el sendero de desarrollo que comenz\u00f3 en 2005.<\/p>\n<p>Su\u00e1rez destac\u00f3 que este proyecto pol\u00edtico transform\u00f3 de manera integral a la provincia, no solo con obras de infraestructura, sino tambi\u00e9n con avances en educaci\u00f3n, conectividad e igualdad de oportunidades. \u201cHoy, los alumnos de toda la provincia tienen acceso a internet y eso acorta las distancias y genera m\u00e1s igualdad. Hay una capacidad de liderazgo y una ense\u00f1anza que nos dej\u00f3 la militancia: la responsabilidad de llevar adelante pol\u00edticas de Estado\u201d, sostuvo.<\/p>\n<p>En materia de gesti\u00f3n, record\u00f3 su experiencia coordinando pol\u00edticas junto al gobernador Gerardo Zamora, destacando el trabajo de los funcionarios y equipos t\u00e9cnicos. \u201cLa gesti\u00f3n tiene que ver con eso: con un rumbo claro y una provincia previsible, con un Estado efectivo que responda a las demandas de la gente\u201d, dijo. Subray\u00f3 tambi\u00e9n que las obras reactivadas generaron empleo y nuevas iniciativas, como la inauguraci\u00f3n del nuevo Cepsi y mejoras en seguridad, seguir\u00e1n en marcha.<\/p>\n<p>El candidato plante\u00f3 que la previsibilidad es clave para responder a las necesidades de los productores, fortalecer la producci\u00f3n y avanzar en infraestructura esencial para el crecimiento. \u201cVamos a centrarnos en la generaci\u00f3n de empleo y en la defensa de los intereses de la provincia en todos los \u00e1mbitos\u201d, afirm\u00f3. Entre sus prioridades, mencion\u00f3 la profundizaci\u00f3n de la pol\u00edtica educativa, el fortalecimiento del liderazgo docente y la ampliaci\u00f3n de la infraestructura hospitalaria.<\/p>\n<p>En el plano laboral, Su\u00e1rez destac\u00f3 el trabajo de la Mesa de Di\u00e1logo Salarial como una herramienta eficaz para consensuar aumentos con los gremios. \u201cLa participaci\u00f3n y el di\u00e1logo han sido un acierto, y vamos a seguir con esa pol\u00edtica. Tambi\u00e9n tenemos que pensar en c\u00f3mo incorporar nuevas tecnolog\u00edas a la gesti\u00f3n y potenciar la actividad privada, el sector agropecuario e industrial\u201d, indic\u00f3.<\/p>\n<p>Convencido de que la experiencia acumulada por el Frente C\u00edvico es un capital que debe seguir sirviendo a la provincia, se\u00f1al\u00f3 que el desaf\u00edo tambi\u00e9n pasa por generar programas vinculados a nuevas \u00e1reas de la econom\u00eda y atender las preocupaciones centrales de los santiague\u00f1os. \u201cEste es un \u00e1mbito donde la gente tiene que confiar, porque trabajamos para todos los sectores\u201d, asegur\u00f3.<\/p>\n<p>Finalmente, Su\u00e1rez expres\u00f3 su gratitud y compromiso con la ciudadan\u00eda. \u201cObvio que pens\u00e9 en la responsabilidad de esta postulaci\u00f3n. Siento que voy a estar respaldado y, si la gente as\u00ed lo decide, llevar\u00e9 adelante lo que hoy planteamos. Porque esta provincia tiene mucho por hacer y porque nuestro compromiso es con cada santiague\u00f1o, viva donde viva\u201d.<\/p>\n","protected":false},"excerpt":{"rendered":"<p>El actual jefe de Gabinete y candidato a gobernador del Frente C\u00edvico, estuvo este martes en Libertad de Opini\u00f3n y se mostr\u00f3 emocionado por representar al espacio que gobierna la&hellip; <\/p>\n","protected":false},"author":1,"featured_media":59091,"comment_status":"closed","ping_status":"closed","sticky":false,"template":"","format":"standard","meta":{"footnotes":""},"categories":[2],"tags":[],"class_list":["post-59090","post","type-post","status-publish","format-standard","has-post-thumbnail","hentry","category-gobierno"],"_links":{"self":[{"href":"http:\/\/elurbanoweb.com.ar\/diario\/wp-json\/wp\/v2\/posts\/59090","targetHints":{"allow":["GET"]}}],"collection":[{"href":"http:\/\/elurbanoweb.com.ar\/diario\/wp-json\/wp\/v2\/posts"}],"about":[{"href":"http:\/\/elurbanoweb.com.ar\/diario\/wp-json\/wp\/v2\/types\/post"}],"author":[{"embeddable":true,"href":"http:\/\/elurbanoweb.com.ar\/diario\/wp-json\/wp\/v2\/users\/1"}],"replies":[{"embeddable":true,"href":"http:\/\/elurbanoweb.com.ar\/diario\/wp-json\/wp\/v2\/comments?post=59090"}],"version-history":[{"count":1,"href":"http:\/\/elurbanoweb.com.ar\/diario\/wp-json\/wp\/v2\/posts\/59090\/revisions"}],"predecessor-version":[{"id":59092,"href":"http:\/\/elurbanoweb.com.ar\/diario\/wp-json\/wp\/v2\/posts\/59090\/revisions\/59092"}],"wp:featuredmedia":[{"embeddable":true,"href":"http:\/\/elurbanoweb.com.ar\/diario\/wp-json\/wp\/v2\/media\/59091"}],"wp:attachment":[{"href":"http:\/\/elurbanoweb.com.ar\/diario\/wp-json\/wp\/v2\/media?parent=59090"}],"wp:term":[{"taxonomy":"category","embeddable":true,"href":"http:\/\/elurbanoweb.com.ar\/diario\/wp-json\/wp\/v2\/categories?post=59090"},{"taxonomy":"post_tag","embeddable":true,"href":"http:\/\/elurbanoweb.com.ar\/diario\/wp-json\/wp\/v2\/tags?post=59090"}],"curies":[{"name":"wp","href":"https:\/\/api.w.org\/{rel}","templated":true}]}}