{"id":59094,"date":"2025-08-13T14:03:43","date_gmt":"2025-08-13T17:03:43","guid":{"rendered":"https:\/\/elurbanoweb.com.ar\/diario\/?p=59094"},"modified":"2025-08-13T14:03:43","modified_gmt":"2025-08-13T17:03:43","slug":"silva-neder-encabezo-acto-por-el-centenario-de-la-escuela-n-413-de-majada-sud","status":"publish","type":"post","link":"http:\/\/elurbanoweb.com.ar\/diario\/silva-neder-encabezo-acto-por-el-centenario-de-la-escuela-n-413-de-majada-sud\/","title":{"rendered":"Silva Neder encabez\u00f3 acto por el centenario de la Escuela N\u00b0 413 de Majada Sud"},"content":{"rendered":"<p>El vicegobernador de la provincia, Dr. Carlos Silva Neder encabez\u00f3 esta ma\u00f1ana el acto central organizado en el marco de los festejos por el 100\u00b0 aniversario de la Escuela N\u00b0 413, ubicada en la localidad de Majada Sud, en el departamento San Mart\u00edn.<\/p>\n<p><img loading=\"lazy\" decoding=\"async\" class=\"alignnone wp-image-59095 size-large\" src=\"http:\/\/elurbanoweb.com.ar\/diario\/wp-content\/uploads\/2025\/08\/martin-1024x768.jpg\" alt=\"\" width=\"1024\" height=\"768\" srcset=\"http:\/\/elurbanoweb.com.ar\/diario\/wp-content\/uploads\/2025\/08\/martin-1024x768.jpg 1024w, http:\/\/elurbanoweb.com.ar\/diario\/wp-content\/uploads\/2025\/08\/martin-300x225.jpg 300w, http:\/\/elurbanoweb.com.ar\/diario\/wp-content\/uploads\/2025\/08\/martin-150x113.jpg 150w, http:\/\/elurbanoweb.com.ar\/diario\/wp-content\/uploads\/2025\/08\/martin-1536x1152.jpg 1536w, http:\/\/elurbanoweb.com.ar\/diario\/wp-content\/uploads\/2025\/08\/martin.jpg 1600w\" sizes=\"auto, (max-width: 1024px) 100vw, 1024px\" \/><\/p>\n<p><!--more--><\/p>\n<p>Silva Neder estuvo acompa\u00f1ado por el director del establecimiento educativo, C\u00e9sar Coronel; secretario Legislativo, Dr. Luis Herrera; intendentes de Loreto, Prof. Ram\u00f3n Gonz\u00e1lez y de Villa Atamisqui, Roberto Brand\u00e1n; secretario de la comisi\u00f3n municipal de Atoj Pozo, Hilton Galv\u00e1n; docentes, alumnos, padres de estudiantes, ex docentes, ex alumnos, vecinos, miembros de la comunidad educativa y de escuelas de la regi\u00f3n.<\/p>\n<p>En su mensaje, Silva Neder transmiti\u00f3 el afectuoso saludo del gobernador Dr. Gerardo Zamora y las felicitaciones a toda la comunidad educativa de la Escuela 413 por este 100\u00b0 aniversario.<\/p>\n<p>\u201cEstoy aqu\u00ed en mi doble condici\u00f3n: por un lado, representando al gobernador Gerardo Zamora y a todo el Gobierno provincial y, por otro, como un orgulloso ex-alumno de esta Escuela 413 donde curs\u00e9 mis estudios hasta el quinto grado\u201d, se\u00f1al\u00f3.<\/p>\n<p>Agreg\u00f3: \u201cQuiero poner en valor a la educaci\u00f3n rural que, sin duda, y habl\u00f3 en primera persona, fue parte fundamental de mi formaci\u00f3n en la vida por venir y que a lo largo de sus cien a\u00f1os de existencia, fue una instituci\u00f3n que ha sido un verdadero pilar de formaci\u00f3n, contenci\u00f3n y desarrollo para generaciones de ni\u00f1os y ni\u00f1as\u201d.<\/p>\n<p>\u201cQuiero recordar a prestigiosos docentes que ya no est\u00e1n y que tanto aportaron a esta comunidad. Tambi\u00e9n es una gran alegr\u00eda reencontarme con maestros que dieron lo mejor para que esta escuela exhiba hoy todo su esplendor al cumplir 100 a\u00f1os de vida institucional\u201d, puntualiz\u00f3.<\/p>\n<p>En la oportunidad, se entregaron recordatorios a exdocentes, exalumnos y ordenanzas. Tambi\u00e9n, se entregaron placas recordatorias y la declaraci\u00f3n de inter\u00e9s emitida por la Honorable C\u00e1mara de Diputados.<\/p>\n","protected":false},"excerpt":{"rendered":"<p>El vicegobernador de la provincia, Dr. Carlos Silva Neder encabez\u00f3 esta ma\u00f1ana el acto central organizado en el marco de los festejos por el 100\u00b0 aniversario de la Escuela N\u00b0&hellip; <\/p>\n","protected":false},"author":1,"featured_media":59095,"comment_status":"closed","ping_status":"closed","sticky":false,"template":"","format":"standard","meta":{"footnotes":""},"categories":[10],"tags":[],"class_list":["post-59094","post","type-post","status-publish","format-standard","has-post-thumbnail","hentry","category-interior"],"_links":{"self":[{"href":"http:\/\/elurbanoweb.com.ar\/diario\/wp-json\/wp\/v2\/posts\/59094","targetHints":{"allow":["GET"]}}],"collection":[{"href":"http:\/\/elurbanoweb.com.ar\/diario\/wp-json\/wp\/v2\/posts"}],"about":[{"href":"http:\/\/elurbanoweb.com.ar\/diario\/wp-json\/wp\/v2\/types\/post"}],"author":[{"embeddable":true,"href":"http:\/\/elurbanoweb.com.ar\/diario\/wp-json\/wp\/v2\/users\/1"}],"replies":[{"embeddable":true,"href":"http:\/\/elurbanoweb.com.ar\/diario\/wp-json\/wp\/v2\/comments?post=59094"}],"version-history":[{"count":1,"href":"http:\/\/elurbanoweb.com.ar\/diario\/wp-json\/wp\/v2\/posts\/59094\/revisions"}],"predecessor-version":[{"id":59096,"href":"http:\/\/elurbanoweb.com.ar\/diario\/wp-json\/wp\/v2\/posts\/59094\/revisions\/59096"}],"wp:featuredmedia":[{"embeddable":true,"href":"http:\/\/elurbanoweb.com.ar\/diario\/wp-json\/wp\/v2\/media\/59095"}],"wp:attachment":[{"href":"http:\/\/elurbanoweb.com.ar\/diario\/wp-json\/wp\/v2\/media?parent=59094"}],"wp:term":[{"taxonomy":"category","embeddable":true,"href":"http:\/\/elurbanoweb.com.ar\/diario\/wp-json\/wp\/v2\/categories?post=59094"},{"taxonomy":"post_tag","embeddable":true,"href":"http:\/\/elurbanoweb.com.ar\/diario\/wp-json\/wp\/v2\/tags?post=59094"}],"curies":[{"name":"wp","href":"https:\/\/api.w.org\/{rel}","templated":true}]}}