{"id":59143,"date":"2025-08-14T10:11:32","date_gmt":"2025-08-14T13:11:32","guid":{"rendered":"https:\/\/elurbanoweb.com.ar\/diario\/?p=59143"},"modified":"2025-08-14T10:11:32","modified_gmt":"2025-08-14T13:11:32","slug":"este-domingo-17-se-celebrara-el-dia-de-la-ninez-en-el-parque-aguirre","status":"publish","type":"post","link":"http:\/\/elurbanoweb.com.ar\/diario\/este-domingo-17-se-celebrara-el-dia-de-la-ninez-en-el-parque-aguirre\/","title":{"rendered":"Este Domingo 17 se celebrar\u00e1 el d\u00eda de la ni\u00f1ez en el Parque Aguirre"},"content":{"rendered":"<p>Los esperamos a partir de las 15 hs. Pasemos una hermosa tarde en familia con juegos, peloteros, animaci\u00f3n, m\u00fasica y sorteos.<\/p>\n<p><img loading=\"lazy\" decoding=\"async\" class=\"alignnone wp-image-59144 size-large\" src=\"http:\/\/elurbanoweb.com.ar\/diario\/wp-content\/uploads\/2025\/08\/celebracion1-1024x1024.jpg\" alt=\"\" width=\"1024\" height=\"1024\" srcset=\"http:\/\/elurbanoweb.com.ar\/diario\/wp-content\/uploads\/2025\/08\/celebracion1-1024x1024.jpg 1024w, http:\/\/elurbanoweb.com.ar\/diario\/wp-content\/uploads\/2025\/08\/celebracion1-300x300.jpg 300w, http:\/\/elurbanoweb.com.ar\/diario\/wp-content\/uploads\/2025\/08\/celebracion1-150x150.jpg 150w, http:\/\/elurbanoweb.com.ar\/diario\/wp-content\/uploads\/2025\/08\/celebracion1-1536x1536.jpg 1536w, http:\/\/elurbanoweb.com.ar\/diario\/wp-content\/uploads\/2025\/08\/celebracion1.jpg 1600w\" sizes=\"auto, (max-width: 1024px) 100vw, 1024px\" \/><\/p>\n<p>Parque Aguirre, play\u00f3n de la Banda de M\u00fasica de la Polic\u00eda.<\/p>\n","protected":false},"excerpt":{"rendered":"<p>Los esperamos a partir de las 15 hs. Pasemos una hermosa tarde en familia con juegos, peloteros, animaci\u00f3n, m\u00fasica y sorteos. Parque Aguirre, play\u00f3n de la Banda de M\u00fasica de&hellip; <\/p>\n","protected":false},"author":1,"featured_media":59144,"comment_status":"closed","ping_status":"closed","sticky":false,"template":"","format":"standard","meta":{"footnotes":""},"categories":[3],"tags":[],"class_list":["post-59143","post","type-post","status-publish","format-standard","has-post-thumbnail","hentry","category-municipio"],"_links":{"self":[{"href":"http:\/\/elurbanoweb.com.ar\/diario\/wp-json\/wp\/v2\/posts\/59143","targetHints":{"allow":["GET"]}}],"collection":[{"href":"http:\/\/elurbanoweb.com.ar\/diario\/wp-json\/wp\/v2\/posts"}],"about":[{"href":"http:\/\/elurbanoweb.com.ar\/diario\/wp-json\/wp\/v2\/types\/post"}],"author":[{"embeddable":true,"href":"http:\/\/elurbanoweb.com.ar\/diario\/wp-json\/wp\/v2\/users\/1"}],"replies":[{"embeddable":true,"href":"http:\/\/elurbanoweb.com.ar\/diario\/wp-json\/wp\/v2\/comments?post=59143"}],"version-history":[{"count":1,"href":"http:\/\/elurbanoweb.com.ar\/diario\/wp-json\/wp\/v2\/posts\/59143\/revisions"}],"predecessor-version":[{"id":59145,"href":"http:\/\/elurbanoweb.com.ar\/diario\/wp-json\/wp\/v2\/posts\/59143\/revisions\/59145"}],"wp:featuredmedia":[{"embeddable":true,"href":"http:\/\/elurbanoweb.com.ar\/diario\/wp-json\/wp\/v2\/media\/59144"}],"wp:attachment":[{"href":"http:\/\/elurbanoweb.com.ar\/diario\/wp-json\/wp\/v2\/media?parent=59143"}],"wp:term":[{"taxonomy":"category","embeddable":true,"href":"http:\/\/elurbanoweb.com.ar\/diario\/wp-json\/wp\/v2\/categories?post=59143"},{"taxonomy":"post_tag","embeddable":true,"href":"http:\/\/elurbanoweb.com.ar\/diario\/wp-json\/wp\/v2\/tags?post=59143"}],"curies":[{"name":"wp","href":"https:\/\/api.w.org\/{rel}","templated":true}]}}