{"id":59146,"date":"2025-08-14T13:49:20","date_gmt":"2025-08-14T16:49:20","guid":{"rendered":"https:\/\/elurbanoweb.com.ar\/diario\/?p=59146"},"modified":"2025-08-14T13:49:20","modified_gmt":"2025-08-14T16:49:20","slug":"humanidades-fue-sede-del-encuentro-plenario-de-decanos-de-la-red-face","status":"publish","type":"post","link":"http:\/\/elurbanoweb.com.ar\/diario\/humanidades-fue-sede-del-encuentro-plenario-de-decanos-de-la-red-face\/","title":{"rendered":"Humanidades fue sede del encuentro plenario de decanos de la Red FaCE"},"content":{"rendered":"<p>La Facultad de Humanidades, Ciencias Sociales y de la Salud fue el escenario del encuentro plenario de la Red de Facultades de Ciencias Econ\u00f3micas del Norte Argentino (FaCE). La jornada de trabajo reuni\u00f3 a decanos y autoridades de distintas universidades nacionales de la regi\u00f3n con el objetivo de coordinar acciones y avanzar en proyectos acad\u00e9micos interinstitucionales.<\/p>\n<p><img loading=\"lazy\" decoding=\"async\" class=\"alignnone wp-image-59147 size-full\" src=\"http:\/\/elurbanoweb.com.ar\/diario\/wp-content\/uploads\/2025\/08\/decanos.jpg\" alt=\"\" width=\"600\" height=\"400\" srcset=\"http:\/\/elurbanoweb.com.ar\/diario\/wp-content\/uploads\/2025\/08\/decanos.jpg 600w, http:\/\/elurbanoweb.com.ar\/diario\/wp-content\/uploads\/2025\/08\/decanos-300x200.jpg 300w, http:\/\/elurbanoweb.com.ar\/diario\/wp-content\/uploads\/2025\/08\/decanos-150x100.jpg 150w\" sizes=\"auto, (max-width: 600px) 100vw, 600px\" \/><\/p>\n<p><!--more--><\/p>\n<p>El encuentro cont\u00f3 con la participaci\u00f3n del decano anfitri\u00f3n, Marcelino Ledesma, la vicedecana Sandra Moreira; y de decanos y vicedecanos de las facultades de ciencias econ\u00f3micas de las Universidades de Salta, Jujuy, La Rioja, Catamarca y Tucum\u00e1n.<\/p>\n<p>La agenda de trabajo fue intensa y se centraron en temas estrat\u00e9gicos para el fortalecimiento de la red. Uno de los puntos principales fue el desarrollo del Doctorado en Ciencias Econ\u00f3micas, carrera de posgrado interinstitucional que se lanza este jueves en nuestra facultad.<\/p>\n<p>Adem\u00e1s, se discutieron los avances de la revista acad\u00e9mica \u00abRed FaCE Habla\u00bb y la consolidaci\u00f3n del Programa de Investigaci\u00f3n Regional Red FaCE, ambos proyectos destinados a promover la producci\u00f3n y difusi\u00f3n de conocimiento en el campo de las ciencias econ\u00f3micas en el norte argentino.<\/p>\n<p>Otros temas tratados incluyeron la planificaci\u00f3n del pr\u00f3ximo Congreso de Innovaci\u00f3n en la Ense\u00f1anza de las Ciencias Econ\u00f3micas, que tendr\u00e1 lugar en Salta en el mes de octubre, y la renovaci\u00f3n de las autoridades que coordinar\u00e1n la red en el pr\u00f3ximo per\u00edodo.<\/p>\n<p>La reuni\u00f3n reafirm\u00f3 el compromiso de las unidades acad\u00e9micas que integran la Red FaCE para continuar trabajando de manera colaborativa en la formaci\u00f3n de posgrado, la investigaci\u00f3n y la vinculaci\u00f3n acad\u00e9mica, consolidando un polo de desarrollo educativo de referencia para toda la regi\u00f3n.<\/p>\n<p>Paralelamente al plenario de decanos, se llev\u00f3 a cabo una reuni\u00f3n de trabajo con los secretarios de Posgrado de las unidades acad\u00e9micas de las universidades nacionales involucradas en el Doctorado en Ciencias Econ\u00f3micas y miembros del comit\u00e9 acad\u00e9mico de dicha carrera. El objetivo de este encuentro fue coordinar acciones y articular los aspectos operativos necesarios para la exitosa puesta en marcha de la nueva carrera de posgrado.<\/p>\n","protected":false},"excerpt":{"rendered":"<p>La Facultad de Humanidades, Ciencias Sociales y de la Salud fue el escenario del encuentro plenario de la Red de Facultades de Ciencias Econ\u00f3micas del Norte Argentino (FaCE). La jornada&hellip; <\/p>\n","protected":false},"author":1,"featured_media":59147,"comment_status":"closed","ping_status":"closed","sticky":false,"template":"","format":"standard","meta":{"footnotes":""},"categories":[15],"tags":[],"class_list":["post-59146","post","type-post","status-publish","format-standard","has-post-thumbnail","hentry","category-unse"],"_links":{"self":[{"href":"http:\/\/elurbanoweb.com.ar\/diario\/wp-json\/wp\/v2\/posts\/59146","targetHints":{"allow":["GET"]}}],"collection":[{"href":"http:\/\/elurbanoweb.com.ar\/diario\/wp-json\/wp\/v2\/posts"}],"about":[{"href":"http:\/\/elurbanoweb.com.ar\/diario\/wp-json\/wp\/v2\/types\/post"}],"author":[{"embeddable":true,"href":"http:\/\/elurbanoweb.com.ar\/diario\/wp-json\/wp\/v2\/users\/1"}],"replies":[{"embeddable":true,"href":"http:\/\/elurbanoweb.com.ar\/diario\/wp-json\/wp\/v2\/comments?post=59146"}],"version-history":[{"count":1,"href":"http:\/\/elurbanoweb.com.ar\/diario\/wp-json\/wp\/v2\/posts\/59146\/revisions"}],"predecessor-version":[{"id":59148,"href":"http:\/\/elurbanoweb.com.ar\/diario\/wp-json\/wp\/v2\/posts\/59146\/revisions\/59148"}],"wp:featuredmedia":[{"embeddable":true,"href":"http:\/\/elurbanoweb.com.ar\/diario\/wp-json\/wp\/v2\/media\/59147"}],"wp:attachment":[{"href":"http:\/\/elurbanoweb.com.ar\/diario\/wp-json\/wp\/v2\/media?parent=59146"}],"wp:term":[{"taxonomy":"category","embeddable":true,"href":"http:\/\/elurbanoweb.com.ar\/diario\/wp-json\/wp\/v2\/categories?post=59146"},{"taxonomy":"post_tag","embeddable":true,"href":"http:\/\/elurbanoweb.com.ar\/diario\/wp-json\/wp\/v2\/tags?post=59146"}],"curies":[{"name":"wp","href":"https:\/\/api.w.org\/{rel}","templated":true}]}}