{"id":59149,"date":"2025-08-14T13:50:35","date_gmt":"2025-08-14T16:50:35","guid":{"rendered":"https:\/\/elurbanoweb.com.ar\/diario\/?p=59149"},"modified":"2025-08-14T13:50:35","modified_gmt":"2025-08-14T16:50:35","slug":"con-un-emotivo-acto-dio-inicio-la-especializacion-en-enfermeria-en-salud-familiar-y-comunitaria","status":"publish","type":"post","link":"http:\/\/elurbanoweb.com.ar\/diario\/con-un-emotivo-acto-dio-inicio-la-especializacion-en-enfermeria-en-salud-familiar-y-comunitaria\/","title":{"rendered":"Con un emotivo acto, dio inicio la Especializaci\u00f3n en Enfermer\u00eda en Salud Familiar y Comunitaria"},"content":{"rendered":"<p>La Facultad de Humanidades, Ciencias Sociales y de la Salud realiz\u00f3 el acto de apertura de la primera cohorte de la Especializaci\u00f3n en Enfermer\u00eda en Salud Familiar y Comunitaria. La ceremonia, que da inicio a una propuesta formativa de gran relevancia para la regi\u00f3n, cont\u00f3 con la presencia de autoridades de la facultad, de la Universidad Nacional de Santiago del Estero y del Ministerio de Salud provincial, docentes y los profesionales que cursar\u00e1n este posgrado.<\/p>\n<p><img loading=\"lazy\" decoding=\"async\" class=\"alignnone wp-image-59150 size-full\" src=\"http:\/\/elurbanoweb.com.ar\/diario\/wp-content\/uploads\/2025\/08\/enfermeria.jpg\" alt=\"\" width=\"600\" height=\"400\" srcset=\"http:\/\/elurbanoweb.com.ar\/diario\/wp-content\/uploads\/2025\/08\/enfermeria.jpg 600w, http:\/\/elurbanoweb.com.ar\/diario\/wp-content\/uploads\/2025\/08\/enfermeria-300x200.jpg 300w, http:\/\/elurbanoweb.com.ar\/diario\/wp-content\/uploads\/2025\/08\/enfermeria-150x100.jpg 150w\" sizes=\"auto, (max-width: 600px) 100vw, 600px\" \/><\/p>\n<p><!--more--><\/p>\n<p>Al inicio del encuentro, la directora de la carrera, Selva Trejo, dio la bienvenida a los presentes y explic\u00f3 que \u00abel objetivo de la especializaci\u00f3n es que los profesionales adquieran competencias integrales que abarcan el saber, el quehacer y el ser de la enfermer\u00eda. Estas competencias ampl\u00edan el enfoque del cuidado m\u00e1s all\u00e1 del individuo, extendi\u00e9ndolo hacia la familia y los grupos comunitarios, con un fuerte \u00e9nfasis en la promoci\u00f3n y protecci\u00f3n de la salud. De esta manera, el rol de la enfermer\u00eda se fortalece a trav\u00e9s de cuatro funciones interdependientes: la asistencia, la docencia, la gesti\u00f3n y la investigaci\u00f3n\u00bb.<\/p>\n<p>A su turno, el decano Marcelino Ledesma destac\u00f3 el rol de la Secretar\u00eda de Posgrado en la concreci\u00f3n de esta carrera al remarcar que \u00abla apuesta por la formaci\u00f3n continua es una pol\u00edtica institucional consolidada. Desde la creaci\u00f3n del \u00c1rea de Posgrado en 2018 y la Secretar\u00eda en 2019, hemos intensificado nuestro compromiso con la excelencia acad\u00e9mica. Esto nos ha permitido fortalecer la oferta formativa propia y, a la vez, abrir la facultad a la colaboraci\u00f3n con destacados especialistas para enriquecer la trayectoria de nuestros profesionales\u00bb<\/p>\n<p>En otro p\u00e1rrafo de su discurso el decano destac\u00f3 \u201cel valioso acompa\u00f1amiento del Ministerio de Salud, del Colegio de Profesionales, de la Municipalidad de la Capital y del Rectorado. Esta colaboraci\u00f3n es fundamental, ya que nos permite generar sinergia, construir una mirada colectiva sobre el camino a seguir y, sobre todo, atender las expectativas de formaci\u00f3n de las enfermeras y enfermeros de nuestra comunidad. En nombre de la Facultad, estamos profundamente agradecidos por este respaldo\u201d. Finalmente, les dese\u00f3 suerte en la cursada y reiter\u00f3 la bienvenida a los nuevos estudiantes.<\/p>\n<p>Por su parte, la vicedecana Sandra Moreira felicit\u00f3 a \u201ctodos los cursantes, tanto a quienes nos acompa\u00f1an de forma presencial como virtual, por iniciar este proceso de capacitaci\u00f3n. Una oferta como esta es sumamente importante, ya que se enfoca espec\u00edficamente en el fortalecimiento de la profesi\u00f3n de enfermer\u00eda. Esto se alinea con las directivas internacionales que buscan jerarquizar el rol del enfermero, un camino que nos enorgullece transitar. Adem\u00e1s, esta especializaci\u00f3n es clave porque aporta directamente a los procesos de acreditaci\u00f3n, reafirmando nuestro compromiso permanente con la calidad acad\u00e9mica\u00bb.<\/p>\n<p>Finalmente, Moreira les dese\u00f3 \u201cel mayor de los \u00e9xitos en esta etapa que inician. Para nosotros, es un motivo de gran satisfacci\u00f3n dar apertura a una capacitaci\u00f3n de cuarto nivel de esta magnitud. No solo es fundamental para los profesionales de la enfermer\u00eda y para nuestra facultad, sino que representa un aporte significativo desde Santiago del Estero hacia todo el pa\u00eds. Valoramos profundamente esta contribuci\u00f3n, ya que eleva el prestigio de nuestra instituci\u00f3n y de la provincia. Sean bienvenidos; auguramos un cursado exitoso para todos\u201d.<\/p>\n<p>El acto cont\u00f3 tambi\u00e9n con la presencia y las palabras de la vicerrectora de la UNSE Marcela Ju\u00e1rez y de la representante del Ministerio de Salud de la Provincia Agustina G\u00f3mez, quienes acompa\u00f1aron el lanzamiento de esta propuesta acad\u00e9mica.<\/p>\n<p>El inicio de esta especializaci\u00f3n reafirma el compromiso de la Facultad de Humanidades con la formaci\u00f3n de excelencia y su capacidad para dar respuesta a las necesidades de la sociedad, fortaleciendo el sistema de salud a trav\u00e9s de la capacitaci\u00f3n de sus profesionales.<\/p>\n","protected":false},"excerpt":{"rendered":"<p>La Facultad de Humanidades, Ciencias Sociales y de la Salud realiz\u00f3 el acto de apertura de la primera cohorte de la Especializaci\u00f3n en Enfermer\u00eda en Salud Familiar y Comunitaria. La&hellip; <\/p>\n","protected":false},"author":1,"featured_media":59150,"comment_status":"closed","ping_status":"closed","sticky":false,"template":"","format":"standard","meta":{"footnotes":""},"categories":[15],"tags":[],"class_list":["post-59149","post","type-post","status-publish","format-standard","has-post-thumbnail","hentry","category-unse"],"_links":{"self":[{"href":"http:\/\/elurbanoweb.com.ar\/diario\/wp-json\/wp\/v2\/posts\/59149","targetHints":{"allow":["GET"]}}],"collection":[{"href":"http:\/\/elurbanoweb.com.ar\/diario\/wp-json\/wp\/v2\/posts"}],"about":[{"href":"http:\/\/elurbanoweb.com.ar\/diario\/wp-json\/wp\/v2\/types\/post"}],"author":[{"embeddable":true,"href":"http:\/\/elurbanoweb.com.ar\/diario\/wp-json\/wp\/v2\/users\/1"}],"replies":[{"embeddable":true,"href":"http:\/\/elurbanoweb.com.ar\/diario\/wp-json\/wp\/v2\/comments?post=59149"}],"version-history":[{"count":1,"href":"http:\/\/elurbanoweb.com.ar\/diario\/wp-json\/wp\/v2\/posts\/59149\/revisions"}],"predecessor-version":[{"id":59151,"href":"http:\/\/elurbanoweb.com.ar\/diario\/wp-json\/wp\/v2\/posts\/59149\/revisions\/59151"}],"wp:featuredmedia":[{"embeddable":true,"href":"http:\/\/elurbanoweb.com.ar\/diario\/wp-json\/wp\/v2\/media\/59150"}],"wp:attachment":[{"href":"http:\/\/elurbanoweb.com.ar\/diario\/wp-json\/wp\/v2\/media?parent=59149"}],"wp:term":[{"taxonomy":"category","embeddable":true,"href":"http:\/\/elurbanoweb.com.ar\/diario\/wp-json\/wp\/v2\/categories?post=59149"},{"taxonomy":"post_tag","embeddable":true,"href":"http:\/\/elurbanoweb.com.ar\/diario\/wp-json\/wp\/v2\/tags?post=59149"}],"curies":[{"name":"wp","href":"https:\/\/api.w.org\/{rel}","templated":true}]}}