{"id":59156,"date":"2025-08-15T09:37:10","date_gmt":"2025-08-15T12:37:10","guid":{"rendered":"https:\/\/elurbanoweb.com.ar\/diario\/?p=59156"},"modified":"2025-08-15T09:37:10","modified_gmt":"2025-08-15T12:37:10","slug":"se-realizo-con-exito-una-nueva-colecta-de-sangre-y-registro-de-medula-osea-en-el-b-el-rincon","status":"publish","type":"post","link":"http:\/\/elurbanoweb.com.ar\/diario\/se-realizo-con-exito-una-nueva-colecta-de-sangre-y-registro-de-medula-osea-en-el-b-el-rincon\/","title":{"rendered":"Se realiz\u00f3 con \u00e9xito una nueva colecta de sangre y registro de m\u00e9dula \u00f3sea en el B\u00b0 El Rinc\u00f3n"},"content":{"rendered":"<p>La actividad, coordinada por el t\u00e9cnico en hemoterapia, Juan Jos\u00e9 G\u00f3mez, tuvo como finalidad acercar este servicio a los vecinos, derribando mitos y brindando informaci\u00f3n clara sobre la importancia de donar.<\/p>\n<p><img loading=\"lazy\" decoding=\"async\" class=\"alignnone wp-image-59157 size-full\" src=\"http:\/\/elurbanoweb.com.ar\/diario\/wp-content\/uploads\/2025\/08\/colecta.jpg\" alt=\"\" width=\"1010\" height=\"567\" srcset=\"http:\/\/elurbanoweb.com.ar\/diario\/wp-content\/uploads\/2025\/08\/colecta.jpg 1010w, http:\/\/elurbanoweb.com.ar\/diario\/wp-content\/uploads\/2025\/08\/colecta-300x168.jpg 300w, http:\/\/elurbanoweb.com.ar\/diario\/wp-content\/uploads\/2025\/08\/colecta-150x84.jpg 150w\" sizes=\"auto, (max-width: 1010px) 100vw, 1010px\" \/><\/p>\n<p><!--more--><\/p>\n<p>En un trabajo articulado entre la Secretar\u00eda de Salud de la Municipalidad de La Banda y el Centro Provincial de Sangre, dependiente del Ministerio de Salud de la Provincia, se llev\u00f3 a cabo una jornada de donaci\u00f3n voluntaria de sangre y registro de donantes de m\u00e9dula \u00f3sea en el Centro de Atenci\u00f3n Medica Municipal N\u00ba 6 del barrio El Rinc\u00f3n.<\/p>\n<p>La actividad, coordinada por el t\u00e9cnico en hemoterapia, Juan Jos\u00e9 G\u00f3mez, tuvo como finalidad acercar este servicio a los vecinos, derribando mitos y brindando informaci\u00f3n clara sobre la importancia de donar.<\/p>\n<p>\u201cMuchas personas no se acercan a donar por temor o por creencias err\u00f3neas. Nuestra tarea es llevar un mensaje de tranquilidad, claridad y confianza, para que m\u00e1s personas se sumen a este gesto solidario que salva vidas\u201d, se\u00f1al\u00f3 el profesional.<\/p>\n<p>Adem\u00e1s, quienes participaron de la colecta pudieron manifestar su voluntad de integrarse al Registro Nacional de Donantes de M\u00e9dula \u00d3sea, ampliando as\u00ed las posibilidades de ayudar a pacientes que requieren trasplantes.<\/p>\n<p>En este sentido, el t\u00e9cnico destac\u00f3 que acercar el servicio a los barrios facilita la participaci\u00f3n: \u201cMuchas veces ir hasta la ciudad de Santiago resulta tedioso para los vecinos, por eso llevar la colecta a espacios cercanos dentro de La Banda permite que m\u00e1s personas participen, y a la vez colaboramos para que el Centro Provincial cuente con mayor disponibilidad de sangre\u201d.<\/p>\n<p>Esta iniciativa comenz\u00f3 en mayo de 2023, precisamente con la primera colecta realizada en el mismo CAMM, El Rinc\u00f3n, y desde entonces se ha replicado en distintos centros municipales y en la Escuela de Rob\u00f3tica.<\/p>\n<p>La de hoy es la primera colecta del a\u00f1o y el objetivo es darle continuidad durante todo el 2025, sumando m\u00e1s donantes voluntarios y fortaleciendo el trabajo conjunto entre municipio y provincia.<\/p>\n","protected":false},"excerpt":{"rendered":"<p>La actividad, coordinada por el t\u00e9cnico en hemoterapia, Juan Jos\u00e9 G\u00f3mez, tuvo como finalidad acercar este servicio a los vecinos, derribando mitos y brindando informaci\u00f3n clara sobre la importancia de&hellip; <\/p>\n","protected":false},"author":1,"featured_media":59157,"comment_status":"closed","ping_status":"closed","sticky":false,"template":"","format":"standard","meta":{"footnotes":""},"categories":[9],"tags":[],"class_list":["post-59156","post","type-post","status-publish","format-standard","has-post-thumbnail","hentry","category-la-banda"],"_links":{"self":[{"href":"http:\/\/elurbanoweb.com.ar\/diario\/wp-json\/wp\/v2\/posts\/59156","targetHints":{"allow":["GET"]}}],"collection":[{"href":"http:\/\/elurbanoweb.com.ar\/diario\/wp-json\/wp\/v2\/posts"}],"about":[{"href":"http:\/\/elurbanoweb.com.ar\/diario\/wp-json\/wp\/v2\/types\/post"}],"author":[{"embeddable":true,"href":"http:\/\/elurbanoweb.com.ar\/diario\/wp-json\/wp\/v2\/users\/1"}],"replies":[{"embeddable":true,"href":"http:\/\/elurbanoweb.com.ar\/diario\/wp-json\/wp\/v2\/comments?post=59156"}],"version-history":[{"count":1,"href":"http:\/\/elurbanoweb.com.ar\/diario\/wp-json\/wp\/v2\/posts\/59156\/revisions"}],"predecessor-version":[{"id":59158,"href":"http:\/\/elurbanoweb.com.ar\/diario\/wp-json\/wp\/v2\/posts\/59156\/revisions\/59158"}],"wp:featuredmedia":[{"embeddable":true,"href":"http:\/\/elurbanoweb.com.ar\/diario\/wp-json\/wp\/v2\/media\/59157"}],"wp:attachment":[{"href":"http:\/\/elurbanoweb.com.ar\/diario\/wp-json\/wp\/v2\/media?parent=59156"}],"wp:term":[{"taxonomy":"category","embeddable":true,"href":"http:\/\/elurbanoweb.com.ar\/diario\/wp-json\/wp\/v2\/categories?post=59156"},{"taxonomy":"post_tag","embeddable":true,"href":"http:\/\/elurbanoweb.com.ar\/diario\/wp-json\/wp\/v2\/tags?post=59156"}],"curies":[{"name":"wp","href":"https:\/\/api.w.org\/{rel}","templated":true}]}}