{"id":59159,"date":"2025-08-15T09:38:33","date_gmt":"2025-08-15T12:38:33","guid":{"rendered":"https:\/\/elurbanoweb.com.ar\/diario\/?p=59159"},"modified":"2025-08-15T09:38:33","modified_gmt":"2025-08-15T12:38:33","slug":"la-feria-orgullosos-de-nuestra-identidad-estara-presente-un-ano-mas-en-la-fiesta-de-la-abuela-carabajal","status":"publish","type":"post","link":"http:\/\/elurbanoweb.com.ar\/diario\/la-feria-orgullosos-de-nuestra-identidad-estara-presente-un-ano-mas-en-la-fiesta-de-la-abuela-carabajal\/","title":{"rendered":"La Feria \u201cOrgullosos de nuestra identidad\u201d estar\u00e1 presente un a\u00f1o m\u00e1s en la Fiesta de la Abuela Carabajal"},"content":{"rendered":"<p>La Direcci\u00f3n de Turismo de la Municipalidad de La Banda, informa que la Feria de Artesanos y Emprendedores \u201cOrgullosos de nuestra identidad\u201d formar\u00e1 parte un a\u00f1o m\u00e1s de la Fiesta de la Abuela \u201cMar\u00eda Luisa Carabajal\u201d.<\/p>\n<p><img loading=\"lazy\" decoding=\"async\" class=\"alignnone wp-image-59160 size-full\" src=\"http:\/\/elurbanoweb.com.ar\/diario\/wp-content\/uploads\/2025\/08\/orgulloso.jpg\" alt=\"\" width=\"1010\" height=\"567\" srcset=\"http:\/\/elurbanoweb.com.ar\/diario\/wp-content\/uploads\/2025\/08\/orgulloso.jpg 1010w, http:\/\/elurbanoweb.com.ar\/diario\/wp-content\/uploads\/2025\/08\/orgulloso-300x168.jpg 300w, http:\/\/elurbanoweb.com.ar\/diario\/wp-content\/uploads\/2025\/08\/orgulloso-150x84.jpg 150w\" sizes=\"auto, (max-width: 1010px) 100vw, 1010px\" \/><\/p>\n<p><!--more--><\/p>\n<p>La carpa estar\u00e1 situada en el Predio de los Silos y estar\u00e1 abierta al p\u00fablico los siguientes d\u00edas y horarios, el viernes 15 y s\u00e1bado 16 de agosto, de 14:30 a 21, y el domingo 17 de agosto, de 11 a 20.<\/p>\n<p>Seg\u00fan se inform\u00f3 desde el \u00e1rea municipal mencionada, este a\u00f1o participar\u00e1n m\u00e1s de 35 emprendedores que van a mostrar y vender sus productos, artesan\u00edas y tambi\u00e9n productos gastron\u00f3micos.<\/p>\n<p>Adem\u00e1s, intervendr\u00e1n academias municipales de danzas folcl\u00f3ricas que ense\u00f1aran a bailar canciones t\u00edpicas de Santiago del Estero y habr\u00e1 un micr\u00f3fono abierto para que todos aquellos que quieran cantar o recitar alg\u00fan poema.<\/p>\n<p>Por \u00faltimo, cabe destacar que el s\u00e1bado y el domingo se realizar\u00e1 un City Tour gratuito por la ciudad, con dos recorridos por d\u00eda, dado que es una de las experiencias m\u00e1s solicitadas por los turistas.<\/p>\n","protected":false},"excerpt":{"rendered":"<p>La Direcci\u00f3n de Turismo de la Municipalidad de La Banda, informa que la Feria de Artesanos y Emprendedores \u201cOrgullosos de nuestra identidad\u201d formar\u00e1 parte un a\u00f1o m\u00e1s de la Fiesta&hellip; <\/p>\n","protected":false},"author":1,"featured_media":59160,"comment_status":"closed","ping_status":"closed","sticky":false,"template":"","format":"standard","meta":{"footnotes":""},"categories":[9],"tags":[],"class_list":["post-59159","post","type-post","status-publish","format-standard","has-post-thumbnail","hentry","category-la-banda"],"_links":{"self":[{"href":"http:\/\/elurbanoweb.com.ar\/diario\/wp-json\/wp\/v2\/posts\/59159","targetHints":{"allow":["GET"]}}],"collection":[{"href":"http:\/\/elurbanoweb.com.ar\/diario\/wp-json\/wp\/v2\/posts"}],"about":[{"href":"http:\/\/elurbanoweb.com.ar\/diario\/wp-json\/wp\/v2\/types\/post"}],"author":[{"embeddable":true,"href":"http:\/\/elurbanoweb.com.ar\/diario\/wp-json\/wp\/v2\/users\/1"}],"replies":[{"embeddable":true,"href":"http:\/\/elurbanoweb.com.ar\/diario\/wp-json\/wp\/v2\/comments?post=59159"}],"version-history":[{"count":1,"href":"http:\/\/elurbanoweb.com.ar\/diario\/wp-json\/wp\/v2\/posts\/59159\/revisions"}],"predecessor-version":[{"id":59161,"href":"http:\/\/elurbanoweb.com.ar\/diario\/wp-json\/wp\/v2\/posts\/59159\/revisions\/59161"}],"wp:featuredmedia":[{"embeddable":true,"href":"http:\/\/elurbanoweb.com.ar\/diario\/wp-json\/wp\/v2\/media\/59160"}],"wp:attachment":[{"href":"http:\/\/elurbanoweb.com.ar\/diario\/wp-json\/wp\/v2\/media?parent=59159"}],"wp:term":[{"taxonomy":"category","embeddable":true,"href":"http:\/\/elurbanoweb.com.ar\/diario\/wp-json\/wp\/v2\/categories?post=59159"},{"taxonomy":"post_tag","embeddable":true,"href":"http:\/\/elurbanoweb.com.ar\/diario\/wp-json\/wp\/v2\/tags?post=59159"}],"curies":[{"name":"wp","href":"https:\/\/api.w.org\/{rel}","templated":true}]}}