{"id":59165,"date":"2025-08-15T09:41:07","date_gmt":"2025-08-15T12:41:07","guid":{"rendered":"https:\/\/elurbanoweb.com.ar\/diario\/?p=59165"},"modified":"2025-08-15T09:41:07","modified_gmt":"2025-08-15T12:41:07","slug":"zamora-y-suarez-se-reunieron-con-jovenes-referentes-de-la-mesa-nacional-de-came","status":"publish","type":"post","link":"http:\/\/elurbanoweb.com.ar\/diario\/zamora-y-suarez-se-reunieron-con-jovenes-referentes-de-la-mesa-nacional-de-came\/","title":{"rendered":"Zamora y Su\u00e1rez se reunieron con j\u00f3venes referentes de la Mesa Nacional de Came"},"content":{"rendered":"<p>J\u00f3venes que forman parte de la Confederaci\u00f3n Argentina de la Mediana Empresa (Came) fueron recibidos este jueves en Casa de Gobierno por el gobernador Gerardo Zamora y el jefe de Gabinete de Ministros, El\u00edas Su\u00e1rez, a quienes dieron detalles sobre la Mesa Nacional de Came Joven y el encuentro Emprender que se llevar\u00e1n a cabo este viernes.<\/p>\n<p><img loading=\"lazy\" decoding=\"async\" class=\"alignnone wp-image-59166 size-large\" src=\"http:\/\/elurbanoweb.com.ar\/diario\/wp-content\/uploads\/2025\/08\/came-1024x683.jpg\" alt=\"\" width=\"1024\" height=\"683\" srcset=\"http:\/\/elurbanoweb.com.ar\/diario\/wp-content\/uploads\/2025\/08\/came-1024x683.jpg 1024w, http:\/\/elurbanoweb.com.ar\/diario\/wp-content\/uploads\/2025\/08\/came-300x200.jpg 300w, http:\/\/elurbanoweb.com.ar\/diario\/wp-content\/uploads\/2025\/08\/came-150x100.jpg 150w, http:\/\/elurbanoweb.com.ar\/diario\/wp-content\/uploads\/2025\/08\/came-1536x1024.jpg 1536w, http:\/\/elurbanoweb.com.ar\/diario\/wp-content\/uploads\/2025\/08\/came-2048x1366.jpg 2048w\" sizes=\"auto, (max-width: 1024px) 100vw, 1024px\" \/><\/p>\n<p><!--more--><\/p>\n<p>La Mesa Nacional de Came Joven se reunir\u00e1 en la sede de la C\u00e1mara de Comercio e Industria del Santiago del Estero, mientras que el evento Emprender se desarrollar\u00e1 en las instalaciones del Centro de Convenciones F\u00f3rum.<\/p>\n<p>Fueron parte del encuentro con las autoridades el director de la CAME Joven Nacional, Mat\u00edas Alfredo Brugnoli; Federico Breden, Coordinador; el presidente de la C\u00e1mara de Comercio e Industria de la provincia, David Guido, el Sec. Gral, Durval Lami Hern\u00e1ndez y el presidente de la Comisi\u00f3n de J\u00f3venes de la C\u00e1mara de Comercio, Samir Nader.<\/p>\n<p>Tambi\u00e9n participaron miembros de federaciones empresarias, econ\u00f3micas, de comercio e industria y uni\u00f3n de empresarios de provincias como R\u00edo Negro, San Juan, Caba, Corrientes, Santa Fe, Catamarca, La Pampa, Formosa, C\u00f3rdoba, Jujuy, Misiones, Tucum\u00e1n, Santa Cruz, Chaco y de Santiago del Estero.<\/p>\n<p>En este marco, Nader agradeci\u00f3 a las autoridades santiague\u00f1as por su apoyo y destacaron la presencia en estos eventos de representantes de casi todo el pa\u00eds, \u201cquienes vieron la mirada y la b\u00fasqueda del federalismo con pol\u00edticas p\u00fablicas desde la provincia\u201d.<\/p>\n<p>\u201cSuperamos las expectativas en inscripci\u00f3n de j\u00f3venes y en cantidad de proyectos presentados\u201d, expres\u00f3 Nader, quien adem\u00e1s hizo referencia sobre el complejo escenario econ\u00f3mico nacional.<\/p>\n<p>\u201cSomos unas de las pocas c\u00e1maras en el pa\u00eds que sigue trabajando de manera conjunta con autoridades y con el apoyo del gobierno provincial, continuaremos dando ese valor agregado a los j\u00f3venes emprendedores locales\u201d, se\u00f1al\u00f3.<\/p>\n","protected":false},"excerpt":{"rendered":"<p>J\u00f3venes que forman parte de la Confederaci\u00f3n Argentina de la Mediana Empresa (Came) fueron recibidos este jueves en Casa de Gobierno por el gobernador Gerardo Zamora y el jefe de&hellip; <\/p>\n","protected":false},"author":1,"featured_media":59166,"comment_status":"closed","ping_status":"closed","sticky":false,"template":"","format":"standard","meta":{"footnotes":""},"categories":[2],"tags":[],"class_list":["post-59165","post","type-post","status-publish","format-standard","has-post-thumbnail","hentry","category-gobierno"],"_links":{"self":[{"href":"http:\/\/elurbanoweb.com.ar\/diario\/wp-json\/wp\/v2\/posts\/59165","targetHints":{"allow":["GET"]}}],"collection":[{"href":"http:\/\/elurbanoweb.com.ar\/diario\/wp-json\/wp\/v2\/posts"}],"about":[{"href":"http:\/\/elurbanoweb.com.ar\/diario\/wp-json\/wp\/v2\/types\/post"}],"author":[{"embeddable":true,"href":"http:\/\/elurbanoweb.com.ar\/diario\/wp-json\/wp\/v2\/users\/1"}],"replies":[{"embeddable":true,"href":"http:\/\/elurbanoweb.com.ar\/diario\/wp-json\/wp\/v2\/comments?post=59165"}],"version-history":[{"count":1,"href":"http:\/\/elurbanoweb.com.ar\/diario\/wp-json\/wp\/v2\/posts\/59165\/revisions"}],"predecessor-version":[{"id":59167,"href":"http:\/\/elurbanoweb.com.ar\/diario\/wp-json\/wp\/v2\/posts\/59165\/revisions\/59167"}],"wp:featuredmedia":[{"embeddable":true,"href":"http:\/\/elurbanoweb.com.ar\/diario\/wp-json\/wp\/v2\/media\/59166"}],"wp:attachment":[{"href":"http:\/\/elurbanoweb.com.ar\/diario\/wp-json\/wp\/v2\/media?parent=59165"}],"wp:term":[{"taxonomy":"category","embeddable":true,"href":"http:\/\/elurbanoweb.com.ar\/diario\/wp-json\/wp\/v2\/categories?post=59165"},{"taxonomy":"post_tag","embeddable":true,"href":"http:\/\/elurbanoweb.com.ar\/diario\/wp-json\/wp\/v2\/tags?post=59165"}],"curies":[{"name":"wp","href":"https:\/\/api.w.org\/{rel}","templated":true}]}}