{"id":59177,"date":"2025-08-15T09:48:36","date_gmt":"2025-08-15T12:48:36","guid":{"rendered":"https:\/\/elurbanoweb.com.ar\/diario\/?p=59177"},"modified":"2025-08-15T09:48:36","modified_gmt":"2025-08-15T12:48:36","slug":"la-unse-inauguro-el-doctorado-en-ciencias-economicas","status":"publish","type":"post","link":"http:\/\/elurbanoweb.com.ar\/diario\/la-unse-inauguro-el-doctorado-en-ciencias-economicas\/","title":{"rendered":"La UNSE inaugur\u00f3 el Doctorado en Ciencias Econ\u00f3micas"},"content":{"rendered":"<p>La Universidad Nacional de Santiago del Estero llev\u00f3 a cabo el Acto de Apertura del Doctorado en Ciencias Econ\u00f3micas, una nueva e importante carrera de posgrado que surge del trabajo conjunto entre la Facultad de Humanidades, Ciencias Sociales y de la Salud (FHCSyS) y las Universidades Nacionales de Tucum\u00e1n, Catamarca, Jujuy, La Rioja y Salta.<\/p>\n<p><img loading=\"lazy\" decoding=\"async\" class=\"alignnone wp-image-59178 size-full\" src=\"http:\/\/elurbanoweb.com.ar\/diario\/wp-content\/uploads\/2025\/08\/economicas.jpg\" alt=\"\" width=\"1024\" height=\"665\" srcset=\"http:\/\/elurbanoweb.com.ar\/diario\/wp-content\/uploads\/2025\/08\/economicas.jpg 1024w, http:\/\/elurbanoweb.com.ar\/diario\/wp-content\/uploads\/2025\/08\/economicas-300x195.jpg 300w, http:\/\/elurbanoweb.com.ar\/diario\/wp-content\/uploads\/2025\/08\/economicas-150x97.jpg 150w\" sizes=\"auto, (max-width: 1024px) 100vw, 1024px\" \/><\/p>\n<p><!--more--><\/p>\n<p>La ceremonia se realiz\u00f3 en el Sal\u00f3n de Usos M\u00faltiples de la FHCSyS y estuvo presidida por la vicerrectora de la UNSE, Lic. Marcela Ju\u00e1rez; el decano de la FHCSyS, Lic. Hugo Marcelino Ledesma; la vicedecana de la FHCSyS, Lic. Sandra Moreira; el presidente de la REd de Facultades de Ciencias Econ\u00f3micas del NOA (RedFACE), decado de la Facultad de Ciencias Econ\u00f3micas y de Adminitraci\u00f3n de la UNCa, Esp. CPN Gustavo Lazarte; y la codirectora del Doctorado, Dra. Myriam De Marco.<\/p>\n<p>En su intervenci\u00f3n, la Dra. De Marco destac\u00f3 que \u201ceste nuevo espacio de formaci\u00f3n de excelencia abre oportunidades para la investigaci\u00f3n, el desarrollo y la integraci\u00f3n regional\u201d.<\/p>\n<p>El decano Hugo Ledesma dio la bienvenida a los presentes, remarcando que \u201ceste doctorado fortalece un espacio que plantea grandes desaf\u00edos y que trasciende nuestras gestiones en la facultad. Vamos desarrollando estrategias para brindar contenci\u00f3n y estar a la altura de las circunstancias, con la expectativa de que, en algunos a\u00f1os, podamos celebrar juntos su primera cohorte de egresados\u201d.<\/p>\n<p>Por su parte, el presidente de la FACE, Gustavo Lazarte, subray\u00f3 que \u201ca pesar de los tiempos adversos que vivimos, la universidad p\u00fablica genera estos espacios para seguir creciendo en excelencia acad\u00e9mica, que se traduce tambi\u00e9n en excelencia para nuestra sociedad\u201d.<\/p>\n<p>La vicedecana Sandra Moreira expres\u00f3 que \u201ces un sue\u00f1o cumplido, porque ha demandado un trabajo muy arduo. Ponerse de acuerdo seis facultades no es tarea menor, pero nos reconforta ser quienes damos este puntapi\u00e9 inicial. Ofrecer a nuestros egresados de Ciencias Econ\u00f3micas esta posibilidad de formaci\u00f3n es un verdadero broche de oro\u201d.<\/p>\n<p>Finalmente, la vicerrectora Marcela Ju\u00e1rez afirm\u00f3 que \u201cconcretar proyectos como este es asumir el desaf\u00edo de defender no solo a la universidad p\u00fablica, sino tambi\u00e9n a toda una regi\u00f3n. Espero que pronto podamos reencontrarnos para celebrar a los primeros egresados de este doctorado\u201d.<\/p>\n<p>Con esta apertura, la UNSE reafirma su compromiso con la excelencia acad\u00e9mica, la cooperaci\u00f3n interuniversitaria y el desarrollo de profesionales capaces de aportar al crecimiento regional y nacional.<\/p>\n","protected":false},"excerpt":{"rendered":"<p>La Universidad Nacional de Santiago del Estero llev\u00f3 a cabo el Acto de Apertura del Doctorado en Ciencias Econ\u00f3micas, una nueva e importante carrera de posgrado que surge del trabajo&hellip; <\/p>\n","protected":false},"author":1,"featured_media":59178,"comment_status":"closed","ping_status":"closed","sticky":false,"template":"","format":"standard","meta":{"footnotes":""},"categories":[15],"tags":[],"class_list":["post-59177","post","type-post","status-publish","format-standard","has-post-thumbnail","hentry","category-unse"],"_links":{"self":[{"href":"http:\/\/elurbanoweb.com.ar\/diario\/wp-json\/wp\/v2\/posts\/59177","targetHints":{"allow":["GET"]}}],"collection":[{"href":"http:\/\/elurbanoweb.com.ar\/diario\/wp-json\/wp\/v2\/posts"}],"about":[{"href":"http:\/\/elurbanoweb.com.ar\/diario\/wp-json\/wp\/v2\/types\/post"}],"author":[{"embeddable":true,"href":"http:\/\/elurbanoweb.com.ar\/diario\/wp-json\/wp\/v2\/users\/1"}],"replies":[{"embeddable":true,"href":"http:\/\/elurbanoweb.com.ar\/diario\/wp-json\/wp\/v2\/comments?post=59177"}],"version-history":[{"count":1,"href":"http:\/\/elurbanoweb.com.ar\/diario\/wp-json\/wp\/v2\/posts\/59177\/revisions"}],"predecessor-version":[{"id":59179,"href":"http:\/\/elurbanoweb.com.ar\/diario\/wp-json\/wp\/v2\/posts\/59177\/revisions\/59179"}],"wp:featuredmedia":[{"embeddable":true,"href":"http:\/\/elurbanoweb.com.ar\/diario\/wp-json\/wp\/v2\/media\/59178"}],"wp:attachment":[{"href":"http:\/\/elurbanoweb.com.ar\/diario\/wp-json\/wp\/v2\/media?parent=59177"}],"wp:term":[{"taxonomy":"category","embeddable":true,"href":"http:\/\/elurbanoweb.com.ar\/diario\/wp-json\/wp\/v2\/categories?post=59177"},{"taxonomy":"post_tag","embeddable":true,"href":"http:\/\/elurbanoweb.com.ar\/diario\/wp-json\/wp\/v2\/tags?post=59177"}],"curies":[{"name":"wp","href":"https:\/\/api.w.org\/{rel}","templated":true}]}}