{"id":59180,"date":"2025-08-15T09:52:53","date_gmt":"2025-08-15T12:52:53","guid":{"rendered":"https:\/\/elurbanoweb.com.ar\/diario\/?p=59180"},"modified":"2025-08-15T09:52:53","modified_gmt":"2025-08-15T12:52:53","slug":"personal-nodocente-encabezo-el-lunes-pasado-un-paro-de-actividades-24-horas-en-la-universidad-nacional-de-santiago-del-estero-unse","status":"publish","type":"post","link":"http:\/\/elurbanoweb.com.ar\/diario\/personal-nodocente-encabezo-el-lunes-pasado-un-paro-de-actividades-24-horas-en-la-universidad-nacional-de-santiago-del-estero-unse\/","title":{"rendered":"Personal nodocente encabez\u00f3 el lunes pasado un paro de actividades (24 horas) en la Universidad Nacional de Santiago del Estero (UNSE)"},"content":{"rendered":"<p>La medida de fuerza se llev\u00f3 a cabo en adhesi\u00f3n a la acci\u00f3n impulsada desde la Federaci\u00f3n Argentina del Trabajador Nodocente de las Universidades Nacionales (FATUN).<\/p>\n<p><img loading=\"lazy\" decoding=\"async\" class=\"alignnone wp-image-59181 size-full\" src=\"http:\/\/elurbanoweb.com.ar\/diario\/wp-content\/uploads\/2025\/08\/cejas.jpg\" alt=\"\" width=\"900\" height=\"600\" srcset=\"http:\/\/elurbanoweb.com.ar\/diario\/wp-content\/uploads\/2025\/08\/cejas.jpg 900w, http:\/\/elurbanoweb.com.ar\/diario\/wp-content\/uploads\/2025\/08\/cejas-300x200.jpg 300w, http:\/\/elurbanoweb.com.ar\/diario\/wp-content\/uploads\/2025\/08\/cejas-150x100.jpg 150w\" sizes=\"auto, (max-width: 900px) 100vw, 900px\" \/><\/p>\n<p><!--more-->Pablo Cejas, secretario general de la Asociaci\u00f3n del Personal Nodocente de la Universidad Nacional de Santiago del Estero (APUNSE), explic\u00f3 a Nuevo Diario que el paro se bas\u00f3 \u00abestrictamente en la lucha salarial que viene siendo tema de discusi\u00f3n desde el inicio del 2024 y que hasta la fecha el Gobierno nacional no ha dado respuestas a las demandas de los nodocentes\u00bb.<\/p>\n<p>Cejas advirti\u00f3 que \u00abpor primera vez despu\u00e9s de un a\u00f1o y ocho meses\u00bb de gobierno, los funcionarios \u00abtuvieron la oportunidad de sentarse en mesa de negociaci\u00f3n (por paritarias nacionales)\u00bb. \u00abSe han presentado diferentes propuestas que permitan ir recuperando la p\u00e9rdida real del poder adquisitivo de los trabajadores nodocentes, como el blanqueamiento de la garant\u00eda salarial y la modificaci\u00f3n del adicional por grado que perciben los trabajadores, sumado al reclamo por paritarias libres sin imposici\u00f3n de pautas salariales que de manera unilateral el Gobierno dispone a todos los trabajadores registrados del sector p\u00fablico-privado\u00bb, expuso.<\/p>\n<p>El secretario destac\u00f3 que \u00aben lo que va del 2025 los nodocentes han tenido un aumento de su salario solo de un 4%, mientras que la inflaci\u00f3n ha sido, en esos seis meses, del 15%, lo que implica una p\u00e9rdida real del salario del 10% de enero a julio; sumado a que, seg\u00fan el Banco Central de la Rep\u00fablica Argentina, se prev\u00e9 una inflaci\u00f3n anual de casi el 28% y que con esta \u00faltima imposici\u00f3n de pauta salarial para el segundo semestre del 7%, la p\u00e9rdida total del 2025 rondar\u00eda casi un 16%, m\u00e1s el 35% de p\u00e9rdida real del 2024\u00bb.<\/p>\n","protected":false},"excerpt":{"rendered":"<p>La medida de fuerza se llev\u00f3 a cabo en adhesi\u00f3n a la acci\u00f3n impulsada desde la Federaci\u00f3n Argentina del Trabajador Nodocente de las Universidades Nacionales (FATUN).<\/p>\n","protected":false},"author":1,"featured_media":59181,"comment_status":"closed","ping_status":"closed","sticky":false,"template":"","format":"standard","meta":{"footnotes":""},"categories":[15],"tags":[],"class_list":["post-59180","post","type-post","status-publish","format-standard","has-post-thumbnail","hentry","category-unse"],"_links":{"self":[{"href":"http:\/\/elurbanoweb.com.ar\/diario\/wp-json\/wp\/v2\/posts\/59180","targetHints":{"allow":["GET"]}}],"collection":[{"href":"http:\/\/elurbanoweb.com.ar\/diario\/wp-json\/wp\/v2\/posts"}],"about":[{"href":"http:\/\/elurbanoweb.com.ar\/diario\/wp-json\/wp\/v2\/types\/post"}],"author":[{"embeddable":true,"href":"http:\/\/elurbanoweb.com.ar\/diario\/wp-json\/wp\/v2\/users\/1"}],"replies":[{"embeddable":true,"href":"http:\/\/elurbanoweb.com.ar\/diario\/wp-json\/wp\/v2\/comments?post=59180"}],"version-history":[{"count":1,"href":"http:\/\/elurbanoweb.com.ar\/diario\/wp-json\/wp\/v2\/posts\/59180\/revisions"}],"predecessor-version":[{"id":59182,"href":"http:\/\/elurbanoweb.com.ar\/diario\/wp-json\/wp\/v2\/posts\/59180\/revisions\/59182"}],"wp:featuredmedia":[{"embeddable":true,"href":"http:\/\/elurbanoweb.com.ar\/diario\/wp-json\/wp\/v2\/media\/59181"}],"wp:attachment":[{"href":"http:\/\/elurbanoweb.com.ar\/diario\/wp-json\/wp\/v2\/media?parent=59180"}],"wp:term":[{"taxonomy":"category","embeddable":true,"href":"http:\/\/elurbanoweb.com.ar\/diario\/wp-json\/wp\/v2\/categories?post=59180"},{"taxonomy":"post_tag","embeddable":true,"href":"http:\/\/elurbanoweb.com.ar\/diario\/wp-json\/wp\/v2\/tags?post=59180"}],"curies":[{"name":"wp","href":"https:\/\/api.w.org\/{rel}","templated":true}]}}