{"id":59218,"date":"2025-08-16T13:52:06","date_gmt":"2025-08-16T16:52:06","guid":{"rendered":"https:\/\/elurbanoweb.com.ar\/diario\/?p=59218"},"modified":"2025-08-16T13:52:06","modified_gmt":"2025-08-16T16:52:06","slug":"cientos-de-jovenes-se-inscribieron-para-la-segunda-edicion-del-concurso-de-cuentos-la-bibliodera-organizado-por-la-municipalidad","status":"publish","type":"post","link":"http:\/\/elurbanoweb.com.ar\/diario\/cientos-de-jovenes-se-inscribieron-para-la-segunda-edicion-del-concurso-de-cuentos-la-bibliodera-organizado-por-la-municipalidad\/","title":{"rendered":"Cientos de j\u00f3venes se inscribieron para la segunda edici\u00f3n del concurso de cuentos La Bibliodera organizado por la Municipalidad"},"content":{"rendered":"<p>La Direcci\u00f3n de la Juventud de la Municipalidad de la Capital cerr\u00f3 con \u00e9xito la convocatoria al segundo concurso de \u201cLa Bibliodera, el gualicho de tu voz\u201d, con la participaci\u00f3n de j\u00f3venes de Capital y de ciudades del interior provincial que se sumaron al certamen de cuentos de fantas\u00eda y terror.<\/p>\n<p><img loading=\"lazy\" decoding=\"async\" class=\"alignnone wp-image-59219 size-full\" src=\"http:\/\/elurbanoweb.com.ar\/diario\/wp-content\/uploads\/2025\/08\/cientos.jpg\" alt=\"\" width=\"1010\" height=\"567\" srcset=\"http:\/\/elurbanoweb.com.ar\/diario\/wp-content\/uploads\/2025\/08\/cientos.jpg 1010w, http:\/\/elurbanoweb.com.ar\/diario\/wp-content\/uploads\/2025\/08\/cientos-300x168.jpg 300w, http:\/\/elurbanoweb.com.ar\/diario\/wp-content\/uploads\/2025\/08\/cientos-150x84.jpg 150w\" sizes=\"auto, (max-width: 1010px) 100vw, 1010px\" \/><\/p>\n<p><!--more--><\/p>\n<p>El certamen cont\u00f3 con la coordinaci\u00f3n de Bel\u00e9n Cianferoni y del director de Juventud, Luis Llanos, quienes se encargaron de articular acciones con diferentes instituciones educativas, lo que permiti\u00f3 que numerosas escuelas, profesorados y talleres literarios incorporaran el concurso a sus actividades a\u00falicas.<\/p>\n<p>El jurado integrado por Estefan\u00eda P\u00e1ez Jim\u00e9nez, Mariano Gast\u00f3n Noriega y Gabriel Hoyos Izurieta, evalu\u00f3 cada relato, mientras que el artista Pablo Jorvatt ilustr\u00f3 el costumbrismo del terror santiague\u00f1o y Mar\u00eda Fontalba se encarg\u00f3 de las correcciones finales.<\/p>\n<p>Asimismo, la Direcci\u00f3n de la Juventud inform\u00f3 que en los pr\u00f3ximos d\u00edas se dar\u00e1n a conocer los ganadores en una ceremonia de premiaci\u00f3n y que tanto la antolog\u00eda impresa como su versi\u00f3n digital se presentar\u00e1n oficialmente en la Feria del Libro provincial.<\/p>\n","protected":false},"excerpt":{"rendered":"<p>La Direcci\u00f3n de la Juventud de la Municipalidad de la Capital cerr\u00f3 con \u00e9xito la convocatoria al segundo concurso de \u201cLa Bibliodera, el gualicho de tu voz\u201d, con la participaci\u00f3n&hellip; <\/p>\n","protected":false},"author":1,"featured_media":59219,"comment_status":"closed","ping_status":"closed","sticky":false,"template":"","format":"standard","meta":{"footnotes":""},"categories":[3],"tags":[],"class_list":["post-59218","post","type-post","status-publish","format-standard","has-post-thumbnail","hentry","category-municipio"],"_links":{"self":[{"href":"http:\/\/elurbanoweb.com.ar\/diario\/wp-json\/wp\/v2\/posts\/59218","targetHints":{"allow":["GET"]}}],"collection":[{"href":"http:\/\/elurbanoweb.com.ar\/diario\/wp-json\/wp\/v2\/posts"}],"about":[{"href":"http:\/\/elurbanoweb.com.ar\/diario\/wp-json\/wp\/v2\/types\/post"}],"author":[{"embeddable":true,"href":"http:\/\/elurbanoweb.com.ar\/diario\/wp-json\/wp\/v2\/users\/1"}],"replies":[{"embeddable":true,"href":"http:\/\/elurbanoweb.com.ar\/diario\/wp-json\/wp\/v2\/comments?post=59218"}],"version-history":[{"count":1,"href":"http:\/\/elurbanoweb.com.ar\/diario\/wp-json\/wp\/v2\/posts\/59218\/revisions"}],"predecessor-version":[{"id":59220,"href":"http:\/\/elurbanoweb.com.ar\/diario\/wp-json\/wp\/v2\/posts\/59218\/revisions\/59220"}],"wp:featuredmedia":[{"embeddable":true,"href":"http:\/\/elurbanoweb.com.ar\/diario\/wp-json\/wp\/v2\/media\/59219"}],"wp:attachment":[{"href":"http:\/\/elurbanoweb.com.ar\/diario\/wp-json\/wp\/v2\/media?parent=59218"}],"wp:term":[{"taxonomy":"category","embeddable":true,"href":"http:\/\/elurbanoweb.com.ar\/diario\/wp-json\/wp\/v2\/categories?post=59218"},{"taxonomy":"post_tag","embeddable":true,"href":"http:\/\/elurbanoweb.com.ar\/diario\/wp-json\/wp\/v2\/tags?post=59218"}],"curies":[{"name":"wp","href":"https:\/\/api.w.org\/{rel}","templated":true}]}}