{"id":59221,"date":"2025-08-16T13:54:27","date_gmt":"2025-08-16T16:54:27","guid":{"rendered":"https:\/\/elurbanoweb.com.ar\/diario\/?p=59221"},"modified":"2025-08-16T13:54:27","modified_gmt":"2025-08-16T16:54:27","slug":"con-mas-obras-y-entrega-de-viviendas-sociales-antaje-celebro-el-225-aniversario-de-su-fundacion","status":"publish","type":"post","link":"http:\/\/elurbanoweb.com.ar\/diario\/con-mas-obras-y-entrega-de-viviendas-sociales-antaje-celebro-el-225-aniversario-de-su-fundacion\/","title":{"rendered":"Con m\u00e1s obras y entrega de viviendas sociales, Antaj\u00e9 celebr\u00f3 el 225\u00b0 Aniversario de su fundaci\u00f3n"},"content":{"rendered":"<p>En representaci\u00f3n del gobernador de la provincia, Dr. Gerardo Zamora, el vicegobernador Dr. Carlos Silva Neder, acompa\u00f1ado por el comisionado municipal local Javier D\u00edaz, encabez\u00f3 en la ma\u00f1ana de este s\u00e1bado el acto oficial por el 225\u00b0 aniversario de la fundaci\u00f3n de Antaj\u00e9, en el departamento Banda.<\/p>\n<p><img loading=\"lazy\" decoding=\"async\" class=\"alignnone wp-image-59222 size-large\" src=\"http:\/\/elurbanoweb.com.ar\/diario\/wp-content\/uploads\/2025\/08\/antaje-1024x768.jpg\" alt=\"\" width=\"1024\" height=\"768\" srcset=\"http:\/\/elurbanoweb.com.ar\/diario\/wp-content\/uploads\/2025\/08\/antaje-1024x768.jpg 1024w, http:\/\/elurbanoweb.com.ar\/diario\/wp-content\/uploads\/2025\/08\/antaje-300x225.jpg 300w, http:\/\/elurbanoweb.com.ar\/diario\/wp-content\/uploads\/2025\/08\/antaje-150x113.jpg 150w, http:\/\/elurbanoweb.com.ar\/diario\/wp-content\/uploads\/2025\/08\/antaje.jpg 1280w\" sizes=\"auto, (max-width: 1024px) 100vw, 1024px\" \/><\/p>\n<p><!--more--><\/p>\n<p>Previo al acto central, junto con la comitiva oficial, el Vicegobernador visit\u00f3 el paraje La Falda, Dpto. Banda (Ubicado 4 km de Antaj\u00e9) d\u00f3nde dejaron inaugurada la plazoleta \u201cJuana Dora G\u00f3mez\u201d.<\/p>\n<p>Luego, se dirigieron hasta el hogar de la familia de Romina Segura, d\u00f3nde en nombre del gobernador Zamora, junto con la directora de Promoci\u00f3n Humana del Ministerio de Desarrollo Social, Lic. Carla Donzelli, se hizo entrega de las llaves de una vivienda social a su beneficiaria, de un total de 8 inauguradas hoy, de las 292 constru\u00eddas por la Comisi\u00f3n Municipal de Antaj\u00e9.<\/p>\n<p><img loading=\"lazy\" decoding=\"async\" class=\"alignnone wp-image-59223 size-full\" src=\"http:\/\/elurbanoweb.com.ar\/diario\/wp-content\/uploads\/2025\/08\/antaje1.jpg\" alt=\"\" width=\"1024\" height=\"768\" srcset=\"http:\/\/elurbanoweb.com.ar\/diario\/wp-content\/uploads\/2025\/08\/antaje1.jpg 1024w, http:\/\/elurbanoweb.com.ar\/diario\/wp-content\/uploads\/2025\/08\/antaje1-300x225.jpg 300w, http:\/\/elurbanoweb.com.ar\/diario\/wp-content\/uploads\/2025\/08\/antaje1-150x113.jpg 150w\" sizes=\"auto, (max-width: 1024px) 100vw, 1024px\" \/><\/p>\n<p>Desde all\u00ed, las autoridades se trasladaron hasta el acto oficial, donde en su mensaje Silva Neder transmiti\u00f3 los saludos del gobernador de la provincia, Dr. Gerardo Zamora y ratific\u00f3 \u201cel compromiso del Gobierno provincial con la comunidad de Antaj\u00e9 y con la gesti\u00f3n municipal que encabeza el comisionado Javier D\u00edaz, pero tambi\u00e9n con todas las instituciones intermedias, sociales, culturales, tradicionalistas y educativas de la regi\u00f3n\u201d.<\/p>\n<p>\u201cLa de Antaj\u00e9, es una de las gestiones municipales que mayor ejecuci\u00f3n, dentro de esta jurisdicci\u00f3n, ha efectuado del Programa Provincial de Construcci\u00f3n de Viviendas Sociales, ya que con \u00e9stas ocho entregadas hoy, llegan a las 292 en total. Sin duda, agradecemos el compromiso muy fuerte de la gesti\u00f3n municipal para poner en territorio ese Programa que en su momento la doctora Claudia Ledesma Abdala de Zamora pusiera en ejecuci\u00f3n y que sin duda, con esta gesti\u00f3n municipal, de Antaj\u00e9 ha tenido un fuerte desarrollo\u201d, remarc\u00f3<\/p>\n<p>Agreg\u00f3: \u201cEn este sentido, Antaj\u00e9 ha tenido un gran crecimiento urban\u00edstico, ha podido hacer la obra p\u00fablica con pavimento de calles, enripiado de caminos, gestionando respuestas h\u00eddricas y haciendo un trabajo muy fuerte con todas las instituciones intermedias del lugar\u201d.<\/p>\n<p>\u201cAqu\u00ed tambi\u00e9n, como en todo Santiago del Estero, en materia educativa, el Gobierno de la Provincia tiene una decisi\u00f3n muy clara partiendo de la premisa que s\u00f3lamente con educaci\u00f3n se puede lograr el desarrollo de los pueblos: se hace una fuerte inversi\u00f3n rompiendo asimetr\u00edas y d\u00e1ndole las mismas posibilidades educativas en cualquier parte del territorio provincial\u201d, puntualiz\u00f3.<\/p>\n<p>En la oportunidad, se hizo entrega oficialmente al Destacamento Policial N\u00b011 de un motoveh\u00edculo que se suma a los m\u00f3viles que integran el sistema de seguridad comunitaria.<\/p>\n<p>Por su parte, el comisionado municipal D\u00edaz, agradeci\u00f3 \u201cla presencia de las autoridades en el aniversario de Antaj\u00e9 y destac\u00f3 el acompa\u00f1amiento del Gobierno de la Provincia, encabezado por el gobernador Zamora, para que Antaj\u00e9 tenga hoy esta realidad marcada por el progreso y bienestar de su gente\u201d.<\/p>\n<p>En este nuevo aniversario de Antaj\u00e9, acompa\u00f1aron tambi\u00e9n: secretario Legislativo, Dr. Luis Herrera; comisionados municipales de Chaupi Pozo, Patricia V\u00e9liz; El Aibe, Walter Dom\u00ednguez y de Negra Muerta, Liz Guzm\u00e1n, entre otras autoridades, entidades educativas, instituciones intermedias y vecinos.<\/p>\n<p>En el acto, se entregaron decretos de Hu\u00e9sped de Honor y los legisladores la declaraci\u00f3n de inter\u00e9s emitida por la C\u00e1mara de Diputados de la Provincia.<\/p>\n<p>En el cierre del acto, se realiz\u00f3 un desfile de instituciones educativas, intermedias y de fuerzas de seguridad por las calles de la localidad.<\/p>\n<p>San Roque<\/p>\n<p>Luego del acto protocolar, el Vicegobernador visit\u00f3 la parroquia de esta localidad ya que hoy la comunidad est\u00e1 festejando la fiesta central de San Roque, Patrono de Antaj\u00e9.<\/p>\n","protected":false},"excerpt":{"rendered":"<p>En representaci\u00f3n del gobernador de la provincia, Dr. Gerardo Zamora, el vicegobernador Dr. Carlos Silva Neder, acompa\u00f1ado por el comisionado municipal local Javier D\u00edaz, encabez\u00f3 en la ma\u00f1ana de este&hellip; <\/p>\n","protected":false},"author":1,"featured_media":59222,"comment_status":"closed","ping_status":"closed","sticky":false,"template":"","format":"standard","meta":{"footnotes":""},"categories":[2,10],"tags":[],"class_list":["post-59221","post","type-post","status-publish","format-standard","has-post-thumbnail","hentry","category-gobierno","category-interior"],"_links":{"self":[{"href":"http:\/\/elurbanoweb.com.ar\/diario\/wp-json\/wp\/v2\/posts\/59221","targetHints":{"allow":["GET"]}}],"collection":[{"href":"http:\/\/elurbanoweb.com.ar\/diario\/wp-json\/wp\/v2\/posts"}],"about":[{"href":"http:\/\/elurbanoweb.com.ar\/diario\/wp-json\/wp\/v2\/types\/post"}],"author":[{"embeddable":true,"href":"http:\/\/elurbanoweb.com.ar\/diario\/wp-json\/wp\/v2\/users\/1"}],"replies":[{"embeddable":true,"href":"http:\/\/elurbanoweb.com.ar\/diario\/wp-json\/wp\/v2\/comments?post=59221"}],"version-history":[{"count":1,"href":"http:\/\/elurbanoweb.com.ar\/diario\/wp-json\/wp\/v2\/posts\/59221\/revisions"}],"predecessor-version":[{"id":59224,"href":"http:\/\/elurbanoweb.com.ar\/diario\/wp-json\/wp\/v2\/posts\/59221\/revisions\/59224"}],"wp:featuredmedia":[{"embeddable":true,"href":"http:\/\/elurbanoweb.com.ar\/diario\/wp-json\/wp\/v2\/media\/59222"}],"wp:attachment":[{"href":"http:\/\/elurbanoweb.com.ar\/diario\/wp-json\/wp\/v2\/media?parent=59221"}],"wp:term":[{"taxonomy":"category","embeddable":true,"href":"http:\/\/elurbanoweb.com.ar\/diario\/wp-json\/wp\/v2\/categories?post=59221"},{"taxonomy":"post_tag","embeddable":true,"href":"http:\/\/elurbanoweb.com.ar\/diario\/wp-json\/wp\/v2\/tags?post=59221"}],"curies":[{"name":"wp","href":"https:\/\/api.w.org\/{rel}","templated":true}]}}