{"id":59231,"date":"2025-08-17T11:19:47","date_gmt":"2025-08-17T14:19:47","guid":{"rendered":"https:\/\/elurbanoweb.com.ar\/diario\/?p=59231"},"modified":"2025-08-17T11:19:47","modified_gmt":"2025-08-17T14:19:47","slug":"concluyo-con-exito-el-primer-ciclo-de-la-escuelas-de-ciudadanias-en-escuelas-un-espacio-para-el-dialogo-la-reflexion-y-la-construccion-colectiva","status":"publish","type":"post","link":"http:\/\/elurbanoweb.com.ar\/diario\/concluyo-con-exito-el-primer-ciclo-de-la-escuelas-de-ciudadanias-en-escuelas-un-espacio-para-el-dialogo-la-reflexion-y-la-construccion-colectiva\/","title":{"rendered":"Concluy\u00f3 con \u00e9xito el primer ciclo de la \u201cEscuelas de Ciudadan\u00edas en Escuelas\u201d: un espacio para el di\u00e1logo, la reflexi\u00f3n y la construcci\u00f3n colectiva"},"content":{"rendered":"<p>M\u00e1s de 200 personas participaron del cierre de este primer ciclo que, a trav\u00e9s de cuatro encuentros tem\u00e1ticos, se convirti\u00f3 en un espacio de debate y construcci\u00f3n colectiva.<\/p>\n<p><img loading=\"lazy\" decoding=\"async\" class=\"alignnone wp-image-59232 size-full\" src=\"http:\/\/elurbanoweb.com.ar\/diario\/wp-content\/uploads\/2025\/08\/escuelas.jpg\" alt=\"\" width=\"1010\" height=\"567\" srcset=\"http:\/\/elurbanoweb.com.ar\/diario\/wp-content\/uploads\/2025\/08\/escuelas.jpg 1010w, http:\/\/elurbanoweb.com.ar\/diario\/wp-content\/uploads\/2025\/08\/escuelas-300x168.jpg 300w, http:\/\/elurbanoweb.com.ar\/diario\/wp-content\/uploads\/2025\/08\/escuelas-150x84.jpg 150w\" sizes=\"auto, (max-width: 1010px) 100vw, 1010px\" \/><\/p>\n<p><!--more--><\/p>\n<p>Con una importante participaci\u00f3n ciudadana, finaliz\u00f3 el s\u00e1bado 16 de agosto, en el FORUM, el primer ciclo del programa \u201cEscuela de Ciudadan\u00edas en Escuelas\u201d, una iniciativa organizada por el Centro de Estudios para el Desarrollo y la Integraci\u00f3n (CEDI), conducida por el abogado Mart\u00edn D\u00edaz Achaval y el polit\u00f3logo Diego Roberto Ramos. Esta propuesta formativa, que recorri\u00f3 las localidades de Monte Quemado, Bandera y Fr\u00edas, fue declarada de inter\u00e9s acad\u00e9mico por la Universidad Nacional de Santiago del Estero (UNSE) y el Ministerio de Educaci\u00f3n.<\/p>\n<p>M\u00e1s de 200 personas participaron del cierre de este primer ciclo que, a trav\u00e9s de cuatro encuentros tem\u00e1ticos, se convirti\u00f3 en un espacio de debate y construcci\u00f3n colectiva, donde se promovi\u00f3 el intercambio de ideas, el ejercicio de la autocr\u00edtica y la elaboraci\u00f3n de propuestas comunitarias.<\/p>\n<p>Uno de los principales valores que atraves\u00f3 la formaci\u00f3n fue la fraternidad pol\u00edtica, una categor\u00eda \u00e9tica promovida por el Papa Francisco bajo la premisa de que \u201cnadie se salva solo\u201d. Lejos de los discursos individuales o fragmentados, este enfoque llama a recuperar el sentido transformador de la pol\u00edtica desde una perspectiva comunitaria, solidaria y humanista.<\/p>\n<p>Una respuesta social frente al individualismo y la violencia simb\u00f3lica<\/p>\n<p>Los responsables del ciclo se\u00f1alaron la necesidad de deconstruir los relatos que impulsan el individualismo, la anti pol\u00edtica y el desprecio por lo diferente, abriendo en cambio espacios donde las diferencias puedan convivir, dialogar y encontrar puntos de encuentro.<\/p>\n<p>Uno de los desaf\u00edos actuales abordados en las jornadas fue la normalizaci\u00f3n de la violencia discursiva, especialmente hacia sectores vulnerables, migrantes y minor\u00edas. En ese sentido, se destac\u00f3 la urgencia de fomentar una educaci\u00f3n ciudadana que forme en valores democr\u00e1ticos, desde el respeto, la escucha y la convivencia pac\u00edfica.<\/p>\n<p>Lejos de centrarse en respuestas punitivas, se propuso trabajar desde la formaci\u00f3n y el pensamiento cr\u00edtico, reconociendo que el conflicto no es negativo en s\u00ed mismo, sino que debe ser gestionado desde la palabra, el di\u00e1logo y la b\u00fasqueda de consensos.<\/p>\n<p>El poder de la palabra y el compromiso ciudadano<\/p>\n<p>Durante los encuentros, se evidenci\u00f3 una fuerte necesidad de expresar lo que se siente y piensa, de construir colectivamente a partir del disenso y de validar la palabra como herramienta de transformaci\u00f3n. Seg\u00fan los facilitadores, la gente necesita espacios donde no se impongan discursos \u00fanicos, sino que se reconozca el derecho a pensar distinto sin caer en la confrontaci\u00f3n destructiva.<\/p>\n<p>Los contenidos de las capacitaciones permitieron abordar cuestiones de convivencia social, participaci\u00f3n democr\u00e1tica y empoderamiento ciudadano, con una mirada cr\u00edtica hacia ciertas pr\u00e1cticas pol\u00edticas actuales que, desde las redes sociales, tienden al simplismo, la agresi\u00f3n y la polarizaci\u00f3n.<\/p>\n<p>Una propuesta para madurar como sociedad<\/p>\n<p>El objetivo de este ciclo fue claro: recuperar la ciudadan\u00eda como pr\u00e1ctica activa, consciente y transformadora. No se trata solo de participar, sino de hacerlo desde una actitud reflexiva, emp\u00e1tica y comprometida con el bien com\u00fan. As\u00ed, las \u201cEscuelas de Ciudadan\u00edas\u201d invitan a reconocer nuestras diferencias, pero tambi\u00e9n a encontrar en ellas la posibilidad de crecer como comunidad.<\/p>\n<p>El segundo ciclo del programa ya tiene fecha: se desarrollar\u00e1 el pr\u00f3ximo 3 de septiembre en la ciudad de Forres, y promete seguir profundizando esta pedagog\u00eda de la fraternidad y la convivencia democr\u00e1tica.<\/p>\n","protected":false},"excerpt":{"rendered":"<p>M\u00e1s de 200 personas participaron del cierre de este primer ciclo que, a trav\u00e9s de cuatro encuentros tem\u00e1ticos, se convirti\u00f3 en un espacio de debate y construcci\u00f3n colectiva.<\/p>\n","protected":false},"author":1,"featured_media":59232,"comment_status":"closed","ping_status":"closed","sticky":false,"template":"","format":"standard","meta":{"footnotes":""},"categories":[16],"tags":[],"class_list":["post-59231","post","type-post","status-publish","format-standard","has-post-thumbnail","hentry","category-locales"],"_links":{"self":[{"href":"http:\/\/elurbanoweb.com.ar\/diario\/wp-json\/wp\/v2\/posts\/59231","targetHints":{"allow":["GET"]}}],"collection":[{"href":"http:\/\/elurbanoweb.com.ar\/diario\/wp-json\/wp\/v2\/posts"}],"about":[{"href":"http:\/\/elurbanoweb.com.ar\/diario\/wp-json\/wp\/v2\/types\/post"}],"author":[{"embeddable":true,"href":"http:\/\/elurbanoweb.com.ar\/diario\/wp-json\/wp\/v2\/users\/1"}],"replies":[{"embeddable":true,"href":"http:\/\/elurbanoweb.com.ar\/diario\/wp-json\/wp\/v2\/comments?post=59231"}],"version-history":[{"count":1,"href":"http:\/\/elurbanoweb.com.ar\/diario\/wp-json\/wp\/v2\/posts\/59231\/revisions"}],"predecessor-version":[{"id":59233,"href":"http:\/\/elurbanoweb.com.ar\/diario\/wp-json\/wp\/v2\/posts\/59231\/revisions\/59233"}],"wp:featuredmedia":[{"embeddable":true,"href":"http:\/\/elurbanoweb.com.ar\/diario\/wp-json\/wp\/v2\/media\/59232"}],"wp:attachment":[{"href":"http:\/\/elurbanoweb.com.ar\/diario\/wp-json\/wp\/v2\/media?parent=59231"}],"wp:term":[{"taxonomy":"category","embeddable":true,"href":"http:\/\/elurbanoweb.com.ar\/diario\/wp-json\/wp\/v2\/categories?post=59231"},{"taxonomy":"post_tag","embeddable":true,"href":"http:\/\/elurbanoweb.com.ar\/diario\/wp-json\/wp\/v2\/tags?post=59231"}],"curies":[{"name":"wp","href":"https:\/\/api.w.org\/{rel}","templated":true}]}}