{"id":59247,"date":"2025-08-17T13:55:22","date_gmt":"2025-08-17T16:55:22","guid":{"rendered":"https:\/\/elurbanoweb.com.ar\/diario\/?p=59247"},"modified":"2025-08-17T13:55:22","modified_gmt":"2025-08-17T16:55:22","slug":"el-frente-civico-realizo-la-presentacion-ante-la-justicia-de-sus-candidatos","status":"publish","type":"post","link":"http:\/\/elurbanoweb.com.ar\/diario\/el-frente-civico-realizo-la-presentacion-ante-la-justicia-de-sus-candidatos\/","title":{"rendered":"El Frente C\u00edvico realiz\u00f3 la presentaci\u00f3n ante la Justicia de sus candidatos"},"content":{"rendered":"<p>El Frente C\u00edvico por Santiago present\u00f3 ante la Secretar\u00eda Electoral Federal su lista de candidatos a senadores y diputados nacionales.<\/p>\n<p><img loading=\"lazy\" decoding=\"async\" class=\"alignnone wp-image-59248 size-full\" src=\"http:\/\/elurbanoweb.com.ar\/diario\/wp-content\/uploads\/2025\/08\/zamora2.jpg\" alt=\"\" width=\"1010\" height=\"567\" srcset=\"http:\/\/elurbanoweb.com.ar\/diario\/wp-content\/uploads\/2025\/08\/zamora2.jpg 1010w, http:\/\/elurbanoweb.com.ar\/diario\/wp-content\/uploads\/2025\/08\/zamora2-300x168.jpg 300w, http:\/\/elurbanoweb.com.ar\/diario\/wp-content\/uploads\/2025\/08\/zamora2-150x84.jpg 150w\" sizes=\"auto, (max-width: 1010px) 100vw, 1010px\" \/><\/p>\n<p><!--more--><\/p>\n<p>Alrededor del mediod\u00eda de este domingo, el Frente C\u00edvico por Santiago oficializ\u00f3 ante la Justicia Federal su lista de candidatos a cubrir los cargos de Senador Nacional y Diputado Nacional.<\/p>\n<p>Estos son los candidatos:<\/p>\n<p>Senadores nacionales titulares<\/p>\n<p>Gerardo Zamora<\/p>\n<p>Elia Esther del Carmen Moreno<\/p>\n<p>Suplentes<\/p>\n<p>Cristian Oliva<\/p>\n<p>Graciela Marion<\/p>\n<p>Diputados nacionales titulares<\/p>\n<p>Jorge Alejandro Mukdise<\/p>\n<p>Cecilia In\u00e9s L\u00f3pez Pasquali De Balmaceda<\/p>\n<p>Astor Anibal Padula<\/p>\n<p>Suplentes<\/p>\n<p>Natividad Nassif<\/p>\n<p>Victor Rodolfo Araujo<\/p>\n<p>Mariela Nassif<\/p>\n<p>Vale recordar que para cargos nacionales se presentan cuatro frentes:<\/p>\n<p>Frente C\u00edvico por Santiago<\/p>\n<p>Frente Fuerza Patria Peronista<\/p>\n<p>Hacemos por Santiago<\/p>\n<p>Despierta Santiago<\/p>\n","protected":false},"excerpt":{"rendered":"<p>El Frente C\u00edvico por Santiago present\u00f3 ante la Secretar\u00eda Electoral Federal su lista de candidatos a senadores y diputados nacionales.<\/p>\n","protected":false},"author":1,"featured_media":59248,"comment_status":"closed","ping_status":"closed","sticky":false,"template":"","format":"standard","meta":{"footnotes":""},"categories":[2],"tags":[],"class_list":["post-59247","post","type-post","status-publish","format-standard","has-post-thumbnail","hentry","category-gobierno"],"_links":{"self":[{"href":"http:\/\/elurbanoweb.com.ar\/diario\/wp-json\/wp\/v2\/posts\/59247","targetHints":{"allow":["GET"]}}],"collection":[{"href":"http:\/\/elurbanoweb.com.ar\/diario\/wp-json\/wp\/v2\/posts"}],"about":[{"href":"http:\/\/elurbanoweb.com.ar\/diario\/wp-json\/wp\/v2\/types\/post"}],"author":[{"embeddable":true,"href":"http:\/\/elurbanoweb.com.ar\/diario\/wp-json\/wp\/v2\/users\/1"}],"replies":[{"embeddable":true,"href":"http:\/\/elurbanoweb.com.ar\/diario\/wp-json\/wp\/v2\/comments?post=59247"}],"version-history":[{"count":1,"href":"http:\/\/elurbanoweb.com.ar\/diario\/wp-json\/wp\/v2\/posts\/59247\/revisions"}],"predecessor-version":[{"id":59249,"href":"http:\/\/elurbanoweb.com.ar\/diario\/wp-json\/wp\/v2\/posts\/59247\/revisions\/59249"}],"wp:featuredmedia":[{"embeddable":true,"href":"http:\/\/elurbanoweb.com.ar\/diario\/wp-json\/wp\/v2\/media\/59248"}],"wp:attachment":[{"href":"http:\/\/elurbanoweb.com.ar\/diario\/wp-json\/wp\/v2\/media?parent=59247"}],"wp:term":[{"taxonomy":"category","embeddable":true,"href":"http:\/\/elurbanoweb.com.ar\/diario\/wp-json\/wp\/v2\/categories?post=59247"},{"taxonomy":"post_tag","embeddable":true,"href":"http:\/\/elurbanoweb.com.ar\/diario\/wp-json\/wp\/v2\/tags?post=59247"}],"curies":[{"name":"wp","href":"https:\/\/api.w.org\/{rel}","templated":true}]}}