{"id":59250,"date":"2025-08-17T13:57:31","date_gmt":"2025-08-17T16:57:31","guid":{"rendered":"https:\/\/elurbanoweb.com.ar\/diario\/?p=59250"},"modified":"2025-08-17T13:57:31","modified_gmt":"2025-08-17T16:57:31","slug":"larcher-candidata-a-gobernadora-y-mirolo-encabezara-la-lista-de-diputados-provinciales-por-el-frente-renovador","status":"publish","type":"post","link":"http:\/\/elurbanoweb.com.ar\/diario\/larcher-candidata-a-gobernadora-y-mirolo-encabezara-la-lista-de-diputados-provinciales-por-el-frente-renovador\/","title":{"rendered":"Larcher candidata a gobernadora y Mirolo encabezar\u00e1 la lista de Diputados Provinciales por el Frente Renovador"},"content":{"rendered":"<p>El Frente Renovador de Santiago del Estero apuesta por una renovaci\u00f3n pol\u00edtica con Larcher al frente del Ejecutivo y Mirolo como principal referente en la C\u00e1mara de Diputados.<\/p>\n<p><img loading=\"lazy\" decoding=\"async\" class=\"alignnone wp-image-59251 size-full\" src=\"http:\/\/elurbanoweb.com.ar\/diario\/wp-content\/uploads\/2025\/08\/larcher.jpg\" alt=\"\" width=\"1010\" height=\"567\" srcset=\"http:\/\/elurbanoweb.com.ar\/diario\/wp-content\/uploads\/2025\/08\/larcher.jpg 1010w, http:\/\/elurbanoweb.com.ar\/diario\/wp-content\/uploads\/2025\/08\/larcher-300x168.jpg 300w, http:\/\/elurbanoweb.com.ar\/diario\/wp-content\/uploads\/2025\/08\/larcher-150x84.jpg 150w\" sizes=\"auto, (max-width: 1010px) 100vw, 1010px\" \/><\/p>\n<p><!--more--><\/p>\n<p>La Junta Directiva del Partido Frente Renovador del distrito Santiago del Estero decidi\u00f3 que Ver\u00f3nica Alejandra Larcher ser\u00e1 la candidata a gobernadora para las pr\u00f3ximas elecciones provinciales del 26 de octubre. La abogada y actual diputada provincial se presenta como una de las principales figuras para encabezar la renovaci\u00f3n pol\u00edtica en la provincia.<\/p>\n<p>Larcher, con una amplia trayectoria que incluye haber sido presidenta del Colegio de Abogados de Santiago del Estero, Convencional Constituyente Provincial, Jueza de Faltas y Secretaria de Gobierno de la Municipalidad de La Banda, busca llevar su experiencia al Ejecutivo provincial.<\/p>\n<p>Por otro lado, Pablo Mirolo, actual presidente del partido, fue designado para encabezar la lista de Diputados Provinciales.<\/p>\n<p>\u00abEstamos convencidos de que Santiago del Estero necesita un cambio despu\u00e9s de 20 a\u00f1os, y sobre todo una renovaci\u00f3n pol\u00edtica. Ver\u00f3nica Larcher en el Ejecutivo y Pablo Mirolo en la C\u00e1mara de Diputados ser\u00e1n las personas indicadas para esta nueva etapa\u00bb, afirmaron desde el Frente Renovador.<\/p>\n","protected":false},"excerpt":{"rendered":"<p>El Frente Renovador de Santiago del Estero apuesta por una renovaci\u00f3n pol\u00edtica con Larcher al frente del Ejecutivo y Mirolo como principal referente en la C\u00e1mara de Diputados.<\/p>\n","protected":false},"author":1,"featured_media":59251,"comment_status":"closed","ping_status":"closed","sticky":false,"template":"","format":"standard","meta":{"footnotes":""},"categories":[16],"tags":[],"class_list":["post-59250","post","type-post","status-publish","format-standard","has-post-thumbnail","hentry","category-locales"],"_links":{"self":[{"href":"http:\/\/elurbanoweb.com.ar\/diario\/wp-json\/wp\/v2\/posts\/59250","targetHints":{"allow":["GET"]}}],"collection":[{"href":"http:\/\/elurbanoweb.com.ar\/diario\/wp-json\/wp\/v2\/posts"}],"about":[{"href":"http:\/\/elurbanoweb.com.ar\/diario\/wp-json\/wp\/v2\/types\/post"}],"author":[{"embeddable":true,"href":"http:\/\/elurbanoweb.com.ar\/diario\/wp-json\/wp\/v2\/users\/1"}],"replies":[{"embeddable":true,"href":"http:\/\/elurbanoweb.com.ar\/diario\/wp-json\/wp\/v2\/comments?post=59250"}],"version-history":[{"count":1,"href":"http:\/\/elurbanoweb.com.ar\/diario\/wp-json\/wp\/v2\/posts\/59250\/revisions"}],"predecessor-version":[{"id":59252,"href":"http:\/\/elurbanoweb.com.ar\/diario\/wp-json\/wp\/v2\/posts\/59250\/revisions\/59252"}],"wp:featuredmedia":[{"embeddable":true,"href":"http:\/\/elurbanoweb.com.ar\/diario\/wp-json\/wp\/v2\/media\/59251"}],"wp:attachment":[{"href":"http:\/\/elurbanoweb.com.ar\/diario\/wp-json\/wp\/v2\/media?parent=59250"}],"wp:term":[{"taxonomy":"category","embeddable":true,"href":"http:\/\/elurbanoweb.com.ar\/diario\/wp-json\/wp\/v2\/categories?post=59250"},{"taxonomy":"post_tag","embeddable":true,"href":"http:\/\/elurbanoweb.com.ar\/diario\/wp-json\/wp\/v2\/tags?post=59250"}],"curies":[{"name":"wp","href":"https:\/\/api.w.org\/{rel}","templated":true}]}}