{"id":59259,"date":"2025-08-17T16:26:58","date_gmt":"2025-08-17T19:26:58","guid":{"rendered":"https:\/\/elurbanoweb.com.ar\/diario\/?p=59259"},"modified":"2025-08-17T16:26:58","modified_gmt":"2025-08-17T19:26:58","slug":"el-municipio-bandeno-refuerza-las-tareas-de-limpieza-y-mantenimiento-de-espacios-publicos","status":"publish","type":"post","link":"http:\/\/elurbanoweb.com.ar\/diario\/el-municipio-bandeno-refuerza-las-tareas-de-limpieza-y-mantenimiento-de-espacios-publicos\/","title":{"rendered":"El municipio bande\u00f1o refuerza las tareas de limpieza y mantenimiento de espacios p\u00fablicos"},"content":{"rendered":"<p>Las tareas incluyeron barrido, desmalezamiento, retiro de residuos y acondicionamiento de espacios p\u00fablicos, con el objetivo de mejorar el entorno urbano y prevenir la acumulaci\u00f3n de basura.<\/p>\n<p><img loading=\"lazy\" decoding=\"async\" class=\"alignnone wp-image-59260 size-full\" src=\"http:\/\/elurbanoweb.com.ar\/diario\/wp-content\/uploads\/2025\/08\/basura2.jpg\" alt=\"\" width=\"1010\" height=\"567\" srcset=\"http:\/\/elurbanoweb.com.ar\/diario\/wp-content\/uploads\/2025\/08\/basura2.jpg 1010w, http:\/\/elurbanoweb.com.ar\/diario\/wp-content\/uploads\/2025\/08\/basura2-300x168.jpg 300w, http:\/\/elurbanoweb.com.ar\/diario\/wp-content\/uploads\/2025\/08\/basura2-150x84.jpg 150w\" sizes=\"auto, (max-width: 1010px) 100vw, 1010px\" \/><\/p>\n<p><!--more--><\/p>\n<p>El equipo del Obrador Misqui Mayu, dependiente de la Secretar\u00eda de Servicios P\u00fablicos de la Municipalidad de La Banda, llev\u00f3 adelante una jornada de limpieza integral y erradicaci\u00f3n de mini basurales en distintos sectores del barrio Primero de Mayo, Misqui Mayu y Parque Industrial.<\/p>\n<p>En este sentido, el municipio ruega mantener y cuidar estos espacios, ya que es tarea de todos y contribuye a una ciudad m\u00e1s saludable y agradable para vivir.<\/p>\n","protected":false},"excerpt":{"rendered":"<p>Las tareas incluyeron barrido, desmalezamiento, retiro de residuos y acondicionamiento de espacios p\u00fablicos, con el objetivo de mejorar el entorno urbano y prevenir la acumulaci\u00f3n de basura.<\/p>\n","protected":false},"author":1,"featured_media":59260,"comment_status":"closed","ping_status":"closed","sticky":false,"template":"","format":"standard","meta":{"footnotes":""},"categories":[9],"tags":[],"class_list":["post-59259","post","type-post","status-publish","format-standard","has-post-thumbnail","hentry","category-la-banda"],"_links":{"self":[{"href":"http:\/\/elurbanoweb.com.ar\/diario\/wp-json\/wp\/v2\/posts\/59259","targetHints":{"allow":["GET"]}}],"collection":[{"href":"http:\/\/elurbanoweb.com.ar\/diario\/wp-json\/wp\/v2\/posts"}],"about":[{"href":"http:\/\/elurbanoweb.com.ar\/diario\/wp-json\/wp\/v2\/types\/post"}],"author":[{"embeddable":true,"href":"http:\/\/elurbanoweb.com.ar\/diario\/wp-json\/wp\/v2\/users\/1"}],"replies":[{"embeddable":true,"href":"http:\/\/elurbanoweb.com.ar\/diario\/wp-json\/wp\/v2\/comments?post=59259"}],"version-history":[{"count":1,"href":"http:\/\/elurbanoweb.com.ar\/diario\/wp-json\/wp\/v2\/posts\/59259\/revisions"}],"predecessor-version":[{"id":59261,"href":"http:\/\/elurbanoweb.com.ar\/diario\/wp-json\/wp\/v2\/posts\/59259\/revisions\/59261"}],"wp:featuredmedia":[{"embeddable":true,"href":"http:\/\/elurbanoweb.com.ar\/diario\/wp-json\/wp\/v2\/media\/59260"}],"wp:attachment":[{"href":"http:\/\/elurbanoweb.com.ar\/diario\/wp-json\/wp\/v2\/media?parent=59259"}],"wp:term":[{"taxonomy":"category","embeddable":true,"href":"http:\/\/elurbanoweb.com.ar\/diario\/wp-json\/wp\/v2\/categories?post=59259"},{"taxonomy":"post_tag","embeddable":true,"href":"http:\/\/elurbanoweb.com.ar\/diario\/wp-json\/wp\/v2\/tags?post=59259"}],"curies":[{"name":"wp","href":"https:\/\/api.w.org\/{rel}","templated":true}]}}