{"id":59297,"date":"2025-08-18T18:04:02","date_gmt":"2025-08-18T21:04:02","guid":{"rendered":"https:\/\/elurbanoweb.com.ar\/diario\/?p=59297"},"modified":"2025-08-18T18:04:02","modified_gmt":"2025-08-18T21:04:02","slug":"la-intendente-fuentes-recibio-en-el-salon-de-acuerdos-al-fray-eduardo-zatti","status":"publish","type":"post","link":"http:\/\/elurbanoweb.com.ar\/diario\/la-intendente-fuentes-recibio-en-el-salon-de-acuerdos-al-fray-eduardo-zatti\/","title":{"rendered":"La intendente Fuentes recibi\u00f3 en el sal\u00f3n de acuerdos al fray Eduardo Zatti"},"content":{"rendered":"<p>La intendente de la Capital, Ing. Norma Fuentes, recibi\u00f3 la visita del fray Eduardo Zatti, quien durante varios a\u00f1os se desempe\u00f1\u00f3 como p\u00e1rroco y ec\u00f3nomo de la Iglesia San Francisco Solano, y actualmente se encuentra misionando en la provincia de C\u00f3rdoba.<\/p>\n<p><img loading=\"lazy\" decoding=\"async\" class=\"alignnone wp-image-59298 size-large\" src=\"http:\/\/elurbanoweb.com.ar\/diario\/wp-content\/uploads\/2025\/08\/fray-1024x682.jpg\" alt=\"\" width=\"1024\" height=\"682\" srcset=\"http:\/\/elurbanoweb.com.ar\/diario\/wp-content\/uploads\/2025\/08\/fray-1024x682.jpg 1024w, http:\/\/elurbanoweb.com.ar\/diario\/wp-content\/uploads\/2025\/08\/fray-300x200.jpg 300w, http:\/\/elurbanoweb.com.ar\/diario\/wp-content\/uploads\/2025\/08\/fray-150x100.jpg 150w, http:\/\/elurbanoweb.com.ar\/diario\/wp-content\/uploads\/2025\/08\/fray-1536x1023.jpg 1536w, http:\/\/elurbanoweb.com.ar\/diario\/wp-content\/uploads\/2025\/08\/fray.jpg 1600w\" sizes=\"auto, (max-width: 1024px) 100vw, 1024px\" \/><\/p>\n<p><!--more--> Durante el encuentro realizado en el sal\u00f3n de acuerdos, dialogaron sobre diversas iniciativas que tiene la iglesia para la comunidad con el prop\u00f3sito de promover la fraternidad entre los vecinos.<\/p>\n<p>De esta manera, el municipio contin\u00faa con el trabajo articulado que mantiene con instituciones sociales, religiosas, educativas, deportivas, colegios profesionales y otras entidades.<\/p>\n<p>Cabe recordar que Zatti tiene una extensa trayectoria evangelizadora no solo en Santiago del Estero, sino tambi\u00e9n en varias provincias argentinas y en el continente africano, con el objetivo primordial de asistir a las personas m\u00e1s vulnerables.<\/p>\n","protected":false},"excerpt":{"rendered":"<p>La intendente de la Capital, Ing. Norma Fuentes, recibi\u00f3 la visita del fray Eduardo Zatti, quien durante varios a\u00f1os se desempe\u00f1\u00f3 como p\u00e1rroco y ec\u00f3nomo de la Iglesia San Francisco&hellip; <\/p>\n","protected":false},"author":1,"featured_media":59298,"comment_status":"closed","ping_status":"closed","sticky":false,"template":"","format":"standard","meta":{"footnotes":""},"categories":[3],"tags":[],"class_list":["post-59297","post","type-post","status-publish","format-standard","has-post-thumbnail","hentry","category-municipio"],"_links":{"self":[{"href":"http:\/\/elurbanoweb.com.ar\/diario\/wp-json\/wp\/v2\/posts\/59297","targetHints":{"allow":["GET"]}}],"collection":[{"href":"http:\/\/elurbanoweb.com.ar\/diario\/wp-json\/wp\/v2\/posts"}],"about":[{"href":"http:\/\/elurbanoweb.com.ar\/diario\/wp-json\/wp\/v2\/types\/post"}],"author":[{"embeddable":true,"href":"http:\/\/elurbanoweb.com.ar\/diario\/wp-json\/wp\/v2\/users\/1"}],"replies":[{"embeddable":true,"href":"http:\/\/elurbanoweb.com.ar\/diario\/wp-json\/wp\/v2\/comments?post=59297"}],"version-history":[{"count":1,"href":"http:\/\/elurbanoweb.com.ar\/diario\/wp-json\/wp\/v2\/posts\/59297\/revisions"}],"predecessor-version":[{"id":59299,"href":"http:\/\/elurbanoweb.com.ar\/diario\/wp-json\/wp\/v2\/posts\/59297\/revisions\/59299"}],"wp:featuredmedia":[{"embeddable":true,"href":"http:\/\/elurbanoweb.com.ar\/diario\/wp-json\/wp\/v2\/media\/59298"}],"wp:attachment":[{"href":"http:\/\/elurbanoweb.com.ar\/diario\/wp-json\/wp\/v2\/media?parent=59297"}],"wp:term":[{"taxonomy":"category","embeddable":true,"href":"http:\/\/elurbanoweb.com.ar\/diario\/wp-json\/wp\/v2\/categories?post=59297"},{"taxonomy":"post_tag","embeddable":true,"href":"http:\/\/elurbanoweb.com.ar\/diario\/wp-json\/wp\/v2\/tags?post=59297"}],"curies":[{"name":"wp","href":"https:\/\/api.w.org\/{rel}","templated":true}]}}