{"id":59300,"date":"2025-08-18T18:05:18","date_gmt":"2025-08-18T21:05:18","guid":{"rendered":"https:\/\/elurbanoweb.com.ar\/diario\/?p=59300"},"modified":"2025-08-18T18:05:18","modified_gmt":"2025-08-18T21:05:18","slug":"silva-neder-santiago-es-ejemplo-en-el-pais-porque-es-la-unica-provincia-donde-no-existe-vinculo-entre-el-poder-judicial-y-el-poder-politico","status":"publish","type":"post","link":"http:\/\/elurbanoweb.com.ar\/diario\/silva-neder-santiago-es-ejemplo-en-el-pais-porque-es-la-unica-provincia-donde-no-existe-vinculo-entre-el-poder-judicial-y-el-poder-politico\/","title":{"rendered":"Silva Neder: \u00abSantiago es ejemplo en el pa\u00eds porque es la \u00fanica provincia donde no existe v\u00ednculo entre el poder judicial y el poder pol\u00edtico\u00bb"},"content":{"rendered":"<p>El Vicegobernador destac\u00f3 que esta realidad que vive la provincia revela que \u201cverdaderamente en Santiago del Estero hay Democracia, d\u00f3nde los tres Poderes del Estado: Ejecutivo, Legislativo y Judicial, se manejan de manera independiente\u00bb.<\/p>\n<p><img loading=\"lazy\" decoding=\"async\" class=\"alignnone wp-image-59301 size-full\" src=\"http:\/\/elurbanoweb.com.ar\/diario\/wp-content\/uploads\/2025\/08\/silva0.jpg\" alt=\"\" width=\"1010\" height=\"567\" srcset=\"http:\/\/elurbanoweb.com.ar\/diario\/wp-content\/uploads\/2025\/08\/silva0.jpg 1010w, http:\/\/elurbanoweb.com.ar\/diario\/wp-content\/uploads\/2025\/08\/silva0-300x168.jpg 300w, http:\/\/elurbanoweb.com.ar\/diario\/wp-content\/uploads\/2025\/08\/silva0-150x84.jpg 150w\" sizes=\"auto, (max-width: 1010px) 100vw, 1010px\" \/><\/p>\n<p><!--more--><\/p>\n<p>El vicegobernador de la provincia, Dr. Carlos Silva Neder se\u00f1al\u00f3 que Santiago del Estero \u201ctambi\u00e9n es ejemplo a nivel nacional porque es la \u00fanica provincia del pa\u00eds d\u00f3nde el Poder Judicial no tiene vinculaci\u00f3n alguna con el Poder Pol\u00edtico\u201d.<\/p>\n<p>De esta manera, Silva Neder se refiri\u00f3 a un estudio conjunto realizado por las ONG Ruido y Connectas que revel\u00f3 que en la mayor\u00eda de las provincias argentinas los m\u00e1ximos tribunales mantienen v\u00ednculos previos con el poder pol\u00edtico \u201ca excepci\u00f3n de Santiago del Estero d\u00f3nde su Corte Suprema muestra que sus magistrados no tienen nexos pol\u00edticos previos, lo que la coloca como un caso de mayor autonom\u00eda frente a la influencia del poder provincial\u201d.<\/p>\n<p>\u201cSeg\u00fan el informe mencionado \u2013puntualiz\u00f3-, ninguno de los jueces que integran el Tribunal Superior de Justicia de la Provincia, compuesto por Eduardo Federico L\u00f3pez Alzogaray (presidente), Eduardo Jos\u00e9 Ram\u00f3n Llugdar y Ana Rosa Rodr\u00edguez, tuvo un v\u00ednculo laboral con el Gobierno santiague\u00f1o\u201d.<\/p>\n<p>Una verdadera democracia<\/p>\n<p>El Vicegobernador destac\u00f3 que esta realidad que vive la provincia revela que \u201cverdaderamente en Santiago del Estero hay Democracia, d\u00f3nde los tres Poderes del Estado: Ejecutivo, Legislativo y Judicial, se manejan de manera independiente, garantizando de esta forma el funcionamiento del sistema democr\u00e1tico\u201d.<\/p>\n<p>Caracter\u00edsticas del informe<\/p>\n<p>Este informe destaca que de 138 magistrados que integran las Cortes provinciales, 88 tienen antecedentes laborales, familiares o pol\u00edticos con gobiernos locales antes de asumir, y 76 fueron designados bajo gestiones del mismo signo pol\u00edtico con el que hab\u00edan trabajado.<\/p>\n<p>El relevamiento abarc\u00f3 las 23 provincias y la ciudad de Buenos Aires y revel\u00f3 que, en promedio, el 64% de los miembros de las cortes provinciales hab\u00edan tenido alg\u00fan tipo de nexo con el poder pol\u00edtico antes de ocupar su cargo, a excepci\u00f3n de Santiago del Estero con ning\u00fan v\u00ednculo.<\/p>\n","protected":false},"excerpt":{"rendered":"<p>El Vicegobernador destac\u00f3 que esta realidad que vive la provincia revela que \u201cverdaderamente en Santiago del Estero hay Democracia, d\u00f3nde los tres Poderes del Estado: Ejecutivo, Legislativo y Judicial, se&hellip; <\/p>\n","protected":false},"author":1,"featured_media":59301,"comment_status":"closed","ping_status":"closed","sticky":false,"template":"","format":"standard","meta":{"footnotes":""},"categories":[2],"tags":[],"class_list":["post-59300","post","type-post","status-publish","format-standard","has-post-thumbnail","hentry","category-gobierno"],"_links":{"self":[{"href":"http:\/\/elurbanoweb.com.ar\/diario\/wp-json\/wp\/v2\/posts\/59300","targetHints":{"allow":["GET"]}}],"collection":[{"href":"http:\/\/elurbanoweb.com.ar\/diario\/wp-json\/wp\/v2\/posts"}],"about":[{"href":"http:\/\/elurbanoweb.com.ar\/diario\/wp-json\/wp\/v2\/types\/post"}],"author":[{"embeddable":true,"href":"http:\/\/elurbanoweb.com.ar\/diario\/wp-json\/wp\/v2\/users\/1"}],"replies":[{"embeddable":true,"href":"http:\/\/elurbanoweb.com.ar\/diario\/wp-json\/wp\/v2\/comments?post=59300"}],"version-history":[{"count":1,"href":"http:\/\/elurbanoweb.com.ar\/diario\/wp-json\/wp\/v2\/posts\/59300\/revisions"}],"predecessor-version":[{"id":59302,"href":"http:\/\/elurbanoweb.com.ar\/diario\/wp-json\/wp\/v2\/posts\/59300\/revisions\/59302"}],"wp:featuredmedia":[{"embeddable":true,"href":"http:\/\/elurbanoweb.com.ar\/diario\/wp-json\/wp\/v2\/media\/59301"}],"wp:attachment":[{"href":"http:\/\/elurbanoweb.com.ar\/diario\/wp-json\/wp\/v2\/media?parent=59300"}],"wp:term":[{"taxonomy":"category","embeddable":true,"href":"http:\/\/elurbanoweb.com.ar\/diario\/wp-json\/wp\/v2\/categories?post=59300"},{"taxonomy":"post_tag","embeddable":true,"href":"http:\/\/elurbanoweb.com.ar\/diario\/wp-json\/wp\/v2\/tags?post=59300"}],"curies":[{"name":"wp","href":"https:\/\/api.w.org\/{rel}","templated":true}]}}