{"id":59303,"date":"2025-08-18T18:08:53","date_gmt":"2025-08-18T21:08:53","guid":{"rendered":"https:\/\/elurbanoweb.com.ar\/diario\/?p=59303"},"modified":"2025-08-18T18:08:53","modified_gmt":"2025-08-18T21:08:53","slug":"con-nuevas-inauguraciones-zamora-destaco-que-santiago-invierte-el-40-del-presupuesto-provincial-en-educacion","status":"publish","type":"post","link":"http:\/\/elurbanoweb.com.ar\/diario\/con-nuevas-inauguraciones-zamora-destaco-que-santiago-invierte-el-40-del-presupuesto-provincial-en-educacion\/","title":{"rendered":"Con nuevas inauguraciones, Zamora destac\u00f3 que Santiago invierte el 40% del presupuesto provincial en educaci\u00f3n"},"content":{"rendered":"<p>El gobernador habilit\u00f3 obras educativas en El Hoy\u00f3n y anunci\u00f3 m\u00e1s inversiones en escuelas y servicios, reafirmando la prioridad de garantizar igualdad de oportunidades para ni\u00f1os y j\u00f3venes en toda la provincia.<\/p>\n<p><img loading=\"lazy\" decoding=\"async\" class=\"alignnone wp-image-59304 size-full\" src=\"http:\/\/elurbanoweb.com.ar\/diario\/wp-content\/uploads\/2025\/08\/medellin2.jpg\" alt=\"\" width=\"1010\" height=\"567\" srcset=\"http:\/\/elurbanoweb.com.ar\/diario\/wp-content\/uploads\/2025\/08\/medellin2.jpg 1010w, http:\/\/elurbanoweb.com.ar\/diario\/wp-content\/uploads\/2025\/08\/medellin2-300x168.jpg 300w, http:\/\/elurbanoweb.com.ar\/diario\/wp-content\/uploads\/2025\/08\/medellin2-150x84.jpg 150w\" sizes=\"auto, (max-width: 1010px) 100vw, 1010px\" \/><\/p>\n<p><!--more--><\/p>\n<p>El gobernador Gerardo Zamora dej\u00f3 inaugurada este lunes por la ma\u00f1ana en El Hoy\u00f3n, departamento Atamisqui, la obra de refacci\u00f3n de la Escuela N\u00b0 923 \u201cRam\u00f3n Aguilar\u201d y la ampliaci\u00f3n y mejoras en el Colegio Secundario Medell\u00edn, anexo de esta localidad. Tambi\u00e9n entreg\u00f3 viviendas sociales a 12 familias de la zona.<\/p>\n<p>Estuvo acompa\u00f1ado por el vicegobernador Carlos Silva Neder; el jefe de Gabinete, El\u00edas Su\u00e1rez; los ministros de Educaci\u00f3n, Mariela Nassif; de Desarrollo Social, \u00c1ngel Hugo Niccolai y de Obras P\u00fablicas, Aldo Hid. Adem\u00e1s de la presidenta del Consejo General de Educaci\u00f3n, Mar\u00eda Elena Herrera.<\/p>\n<p>Las autoridades fueron recibidas por la comisionada municipal de El Hoy\u00f3n, Mar\u00eda Jos\u00e9 Figueroa.<\/p>\n<p><img loading=\"lazy\" decoding=\"async\" class=\"alignnone wp-image-59305 size-large\" src=\"http:\/\/elurbanoweb.com.ar\/diario\/wp-content\/uploads\/2025\/08\/medellin3-1024x576.jpg\" alt=\"\" width=\"1024\" height=\"576\" srcset=\"http:\/\/elurbanoweb.com.ar\/diario\/wp-content\/uploads\/2025\/08\/medellin3-1024x576.jpg 1024w, http:\/\/elurbanoweb.com.ar\/diario\/wp-content\/uploads\/2025\/08\/medellin3-300x169.jpg 300w, http:\/\/elurbanoweb.com.ar\/diario\/wp-content\/uploads\/2025\/08\/medellin3-150x84.jpg 150w, http:\/\/elurbanoweb.com.ar\/diario\/wp-content\/uploads\/2025\/08\/medellin3.jpg 1200w\" sizes=\"auto, (max-width: 1024px) 100vw, 1024px\" \/><\/p>\n<p>La actividad oficial comenz\u00f3 en el domicilio de Yanina Cejas, donde se hizo la entrega simb\u00f3lica de llaves a las familias beneficiadas en esta oportunidad por el programa de viviendas sociales, las que fueron ejecutadas con fondos provinciales y la colaboraci\u00f3n de la Comisi\u00f3n Municipal de El Hoy\u00f3n y la Asociaci\u00f3n Civil Afovepra.<\/p>\n<p>En esta oportunidad, el gobernador garantiz\u00f3 la continuidad del programa a trav\u00e9s del cual ya fueron construidas m\u00e1s 32.000 viviendas a lo largo y a lo ancho de la provincia, en forma totalmente gratuita y amobladas, con la colaboraci\u00f3n de los municipios y organizaciones no gubernamentales.<\/p>\n<p>Luego se traslad\u00f3 al anexo del Colegio Secundario Medell\u00edn, donde fue recibido por su rector, Marcelo Benavidez, con quien las autoridades hicieron un recorrido por las instalaciones totalmente equipadas.<\/p>\n<p>Seguidamente, en la Escuela N\u00b0 923, junto a su directora Silvina Fontan realiz\u00f3 el corte de cintas para dejar formalmente habilitado el edificio que cuenta con 6 aulas comunes, \u00e1rea administrativa, sal\u00f3n multimedia, laboratorio, biblioteca, cocina-comedor, sanitarios y dep\u00f3sitos.<\/p>\n<p>Durante el acto, la docente hizo hincapi\u00e9 en el valor hist\u00f3rico de la instituci\u00f3n y agradeci\u00f3 al gobernador y a todo su equipo por este presente venturoso. \u201cEstamos reinaugurando este establecimiento refaccionado y equipado totalmente; infinitas gracias y que Dios ilumine a nuestras autoridades para que sigamos siendo ejemplo de crecimiento en nuestra Argentina\u201d, dijo.<\/p>\n<p>A su turno, el mandatario provincial dijo que estas obras son parte de una inversi\u00f3n que tiene que ver con educaci\u00f3n en forma prioritaria. \u201cLo hacemos desde que reformamos la Constituci\u00f3n en el a\u00f1o 2005, que prev\u00e9 que se debe invertir por lo menos un 30% del presupuesto provincial en educaci\u00f3n, y nosotros venimos cumpliendo con esa meta incluso en exceso; de hecho que en los \u00faltimos a\u00f1os, incluso \u00e9ste va a ser uno de ellos, ha sido un 40% del presupuesto provincial invertido en educaci\u00f3n\u201d.<\/p>\n<p>\u201cEsto tiene que ver con lograr igualdad educativa \u2013agreg\u00f3- para que todos tengan las mismas condiciones edilicias, pedag\u00f3gicas, tecnol\u00f3gicas y de equipamiento educativo. Lo mismo ocurre con el programa de nutrici\u00f3n con alimentos proteicos para los ni\u00f1os que asisten al jard\u00edn, a la primaria y para j\u00f3venes del secundario; la creaci\u00f3n de jardines de infantes a lo largo y ancho de la provincia; la creaci\u00f3n de agrupamientos en la ruralidad; miles de horas c\u00e1tedras; algunos anexos como aqu\u00ed en El Hoy\u00f3n, donde hemos ido incorporando los primeros a\u00f1os y hemos llegado hasta cuarto a\u00f1o de la secundaria y vamos a tener el quinto a\u00f1o\u201d.<\/p>\n<p>En este marco expres\u00f3 su compromiso para la creaci\u00f3n de un secundario en El Hoy\u00f3n, \u201cpara que los j\u00f3venes de la zona puedan terminar el ciclo secundario aqu\u00ed y no tener que trasladarse a 20 km\u201d.<\/p>\n<p>Tambi\u00e9n anunci\u00f3 la refacci\u00f3n y mejoras en las escuelas de El Peral y Las Lomitas, as\u00ed como la reactivaci\u00f3n de la licitaci\u00f3n de las obras de agua potable en El Hoy\u00f3n y en Juanillo.<\/p>\n<p>Para finalizar, Zamora agradeci\u00f3 a la comunidad educativa, \u201ca los padres que se esfuerzan para que sus hijos estudien y a los docentes santiague\u00f1os que mantienen las escuelas abiertas con los chicos aprendiendo\u201d.<\/p>\n","protected":false},"excerpt":{"rendered":"<p>El gobernador habilit\u00f3 obras educativas en El Hoy\u00f3n y anunci\u00f3 m\u00e1s inversiones en escuelas y servicios, reafirmando la prioridad de garantizar igualdad de oportunidades para ni\u00f1os y j\u00f3venes en toda&hellip; <\/p>\n","protected":false},"author":1,"featured_media":59304,"comment_status":"closed","ping_status":"closed","sticky":false,"template":"","format":"standard","meta":{"footnotes":""},"categories":[2,10],"tags":[],"class_list":["post-59303","post","type-post","status-publish","format-standard","has-post-thumbnail","hentry","category-gobierno","category-interior"],"_links":{"self":[{"href":"http:\/\/elurbanoweb.com.ar\/diario\/wp-json\/wp\/v2\/posts\/59303","targetHints":{"allow":["GET"]}}],"collection":[{"href":"http:\/\/elurbanoweb.com.ar\/diario\/wp-json\/wp\/v2\/posts"}],"about":[{"href":"http:\/\/elurbanoweb.com.ar\/diario\/wp-json\/wp\/v2\/types\/post"}],"author":[{"embeddable":true,"href":"http:\/\/elurbanoweb.com.ar\/diario\/wp-json\/wp\/v2\/users\/1"}],"replies":[{"embeddable":true,"href":"http:\/\/elurbanoweb.com.ar\/diario\/wp-json\/wp\/v2\/comments?post=59303"}],"version-history":[{"count":1,"href":"http:\/\/elurbanoweb.com.ar\/diario\/wp-json\/wp\/v2\/posts\/59303\/revisions"}],"predecessor-version":[{"id":59306,"href":"http:\/\/elurbanoweb.com.ar\/diario\/wp-json\/wp\/v2\/posts\/59303\/revisions\/59306"}],"wp:featuredmedia":[{"embeddable":true,"href":"http:\/\/elurbanoweb.com.ar\/diario\/wp-json\/wp\/v2\/media\/59304"}],"wp:attachment":[{"href":"http:\/\/elurbanoweb.com.ar\/diario\/wp-json\/wp\/v2\/media?parent=59303"}],"wp:term":[{"taxonomy":"category","embeddable":true,"href":"http:\/\/elurbanoweb.com.ar\/diario\/wp-json\/wp\/v2\/categories?post=59303"},{"taxonomy":"post_tag","embeddable":true,"href":"http:\/\/elurbanoweb.com.ar\/diario\/wp-json\/wp\/v2\/tags?post=59303"}],"curies":[{"name":"wp","href":"https:\/\/api.w.org\/{rel}","templated":true}]}}