{"id":59307,"date":"2025-08-19T09:42:28","date_gmt":"2025-08-19T12:42:28","guid":{"rendered":"https:\/\/elurbanoweb.com.ar\/diario\/?p=59307"},"modified":"2025-08-19T09:42:28","modified_gmt":"2025-08-19T12:42:28","slug":"espana-declara-zona-catastrofica-a-las-areas-afectadas-por-los-incendios","status":"publish","type":"post","link":"http:\/\/elurbanoweb.com.ar\/diario\/espana-declara-zona-catastrofica-a-las-areas-afectadas-por-los-incendios\/","title":{"rendered":"Espa\u00f1a declara \u201czona catastr\u00f3fica\u201d a las \u00e1reas afectadas por los incendios"},"content":{"rendered":"<p>\u201cQuedan horas dif\u00edciles\u201d, admiti\u00f3 Pedro S\u00e1nchez sobre los focos \u00edgneos que afectan especialmente a Galicia y Extremadura. El fuego dej\u00f3 cuatro muertos y quem\u00f3 m\u00e1s de 382.000 hect\u00e1reas.<\/p>\n<p><img loading=\"lazy\" decoding=\"async\" class=\"alignnone wp-image-59308 size-full\" src=\"http:\/\/elurbanoweb.com.ar\/diario\/wp-content\/uploads\/2025\/08\/incendios1.jpg\" alt=\"\" width=\"1010\" height=\"567\" srcset=\"http:\/\/elurbanoweb.com.ar\/diario\/wp-content\/uploads\/2025\/08\/incendios1.jpg 1010w, http:\/\/elurbanoweb.com.ar\/diario\/wp-content\/uploads\/2025\/08\/incendios1-300x168.jpg 300w, http:\/\/elurbanoweb.com.ar\/diario\/wp-content\/uploads\/2025\/08\/incendios1-150x84.jpg 150w\" sizes=\"auto, (max-width: 1010px) 100vw, 1010px\" \/><\/p>\n<p><!--more--><\/p>\n<p>El gobierno de Pedro S\u00e1nchez se dispon\u00eda a declarar este martes zona catastr\u00f3fica las \u00e1reas afectadas por los incendios en Espa\u00f1a se encuentra. \u00abQuedan horas dif\u00edciles\u00bb, advirti\u00f3 el mandatario en alusi\u00f3n a la dif\u00edcil lucha de los innumerables focos.<\/p>\n<p>En una visita a Extremadura, una de las regiones m\u00e1s afectadas, Sanchez dijo: \u00abA los medios de comunicaci\u00f3n les pido, y tambi\u00e9n a los ciudadanos y ciudadanas (&#8230;) que extremen las precauciones, que no nos confiemos, que quedan momentos cr\u00edticos, que quedan horas dif\u00edciles\u00bb.<\/p>\n<p>El t\u00e9rmino \u00abzona catastr\u00f3fica\u00bb se utiliza en Espa\u00f1a para referirse a una regi\u00f3n que ha sufrido un evento de gran magnitud, como incendios, inundaciones, terremotos o temporales, que ha causado da\u00f1os significativos y que requiere de la intervenci\u00f3n del Estado para paliar las consecuencias.<\/p>\n<p>La situaci\u00f3n en Espa\u00f1a hoy<br \/>\nEspa\u00f1a segu\u00eda combatiendo varios incendios forestales de grandes dimensiones el martes en una de las temporadas de incendios m\u00e1s destructivas del pa\u00eds en las \u00faltimas d\u00e9cadas, a pesar del descenso de las temperaturas en la pen\u00ednsula Ib\u00e9rica.<\/p>\n<p>Miles de bomberos, apoyados por soldados y aviones cisterna, continuaron luchando contra las llamas que arrasaban bosques secos, especialmente severos en el noroeste de Espa\u00f1a, donde la agencia meteorol\u00f3gica del pa\u00eds, AEMET, inform\u00f3 de un riesgo de incendio a\u00fan \u00abmuy alto o extremo\u00bb, especialmente en la regi\u00f3n noroccidental de Galicia.<\/p>\n<p>Los incendios en Galicia han arrasado peque\u00f1os pueblos poco poblados, obligando en muchos casos a los lugare\u00f1os a intervenir antes de la llegada de los bomberos.<\/p>\n<p>Unidades de bomberos de Alemania llegaron al norte de Espa\u00f1a el martes para ayudar a sofocar el fuego, anunci\u00f3 el Ministerio del Interior. Se desplegaron m\u00e1s de 20 veh\u00edculos para ayudar a combatir un incendio en curso en Jarilla, en Extremadura, una regi\u00f3n del oeste del pa\u00eds que limita con Portugal, agreg\u00f3.<\/p>\n<p>Los incendios en Espa\u00f1a, que se han cobrado la vida de cuatro personas este a\u00f1o, han quemado m\u00e1s de 382.000 hect\u00e1reas, seg\u00fan el Sistema Europeo de Informaci\u00f3n sobre Incendios Forestales de la Uni\u00f3n Europea. Es m\u00e1s del doble del tama\u00f1o del \u00e1rea metropolitana de Londres.<\/p>\n<p>Hay 23 detenidos<br \/>\nMuchos incendios han sido provocados por la actividad humana. La polic\u00eda espa\u00f1ola detuvo a 23 personas por presunto incendio premeditado y est\u00e1 investigando a 89 m\u00e1s, dijo la Guardia Civil el martes.<\/p>\n<p>En Portugal, m\u00e1s de 3.700 bomberos tratan de sofocar los fuegos en el pa\u00eds, incluidos cuatro de grandes dimensiones en el norte y centro.<\/p>\n<p>Los incendios han quemado alrededor de 235.000 hect\u00e1reas en el pa\u00eds, seg\u00fan EFFIS, casi cinco veces m\u00e1s que el promedio de 2006-2024 para este per\u00edodo. Dos personas han muerto.<\/p>\n<p>Europa se ha estado calentando el doble de r\u00e1pido que la media global desde la d\u00e9cada de 1980, seg\u00fan el Servicio de Cambio Clim\u00e1tico Copernicus de la UE. Los cient\u00edficos dicen que el cambio clim\u00e1tico est\u00e1 exacerbando la frecuencia e intensidad del calor y la sequ\u00eda en algunas zonas del continente, lo que hace que la regi\u00f3n sea m\u00e1s vulnerable a los incendios forestales.<\/p>\n","protected":false},"excerpt":{"rendered":"<p>\u201cQuedan horas dif\u00edciles\u201d, admiti\u00f3 Pedro S\u00e1nchez sobre los focos \u00edgneos que afectan especialmente a Galicia y Extremadura. El fuego dej\u00f3 cuatro muertos y quem\u00f3 m\u00e1s de 382.000 hect\u00e1reas.<\/p>\n","protected":false},"author":1,"featured_media":59308,"comment_status":"closed","ping_status":"closed","sticky":false,"template":"","format":"standard","meta":{"footnotes":""},"categories":[6],"tags":[],"class_list":["post-59307","post","type-post","status-publish","format-standard","has-post-thumbnail","hentry","category-mundo"],"_links":{"self":[{"href":"http:\/\/elurbanoweb.com.ar\/diario\/wp-json\/wp\/v2\/posts\/59307","targetHints":{"allow":["GET"]}}],"collection":[{"href":"http:\/\/elurbanoweb.com.ar\/diario\/wp-json\/wp\/v2\/posts"}],"about":[{"href":"http:\/\/elurbanoweb.com.ar\/diario\/wp-json\/wp\/v2\/types\/post"}],"author":[{"embeddable":true,"href":"http:\/\/elurbanoweb.com.ar\/diario\/wp-json\/wp\/v2\/users\/1"}],"replies":[{"embeddable":true,"href":"http:\/\/elurbanoweb.com.ar\/diario\/wp-json\/wp\/v2\/comments?post=59307"}],"version-history":[{"count":1,"href":"http:\/\/elurbanoweb.com.ar\/diario\/wp-json\/wp\/v2\/posts\/59307\/revisions"}],"predecessor-version":[{"id":59309,"href":"http:\/\/elurbanoweb.com.ar\/diario\/wp-json\/wp\/v2\/posts\/59307\/revisions\/59309"}],"wp:featuredmedia":[{"embeddable":true,"href":"http:\/\/elurbanoweb.com.ar\/diario\/wp-json\/wp\/v2\/media\/59308"}],"wp:attachment":[{"href":"http:\/\/elurbanoweb.com.ar\/diario\/wp-json\/wp\/v2\/media?parent=59307"}],"wp:term":[{"taxonomy":"category","embeddable":true,"href":"http:\/\/elurbanoweb.com.ar\/diario\/wp-json\/wp\/v2\/categories?post=59307"},{"taxonomy":"post_tag","embeddable":true,"href":"http:\/\/elurbanoweb.com.ar\/diario\/wp-json\/wp\/v2\/tags?post=59307"}],"curies":[{"name":"wp","href":"https:\/\/api.w.org\/{rel}","templated":true}]}}