{"id":59338,"date":"2025-08-19T19:34:55","date_gmt":"2025-08-19T22:34:55","guid":{"rendered":"https:\/\/elurbanoweb.com.ar\/diario\/?p=59338"},"modified":"2025-08-19T19:34:55","modified_gmt":"2025-08-19T22:34:55","slug":"el-miercoles-20-comienza-el-pago-de-los-planes-de-emergencia-provinciales-correspondientes-a-agosto","status":"publish","type":"post","link":"http:\/\/elurbanoweb.com.ar\/diario\/el-miercoles-20-comienza-el-pago-de-los-planes-de-emergencia-provinciales-correspondientes-a-agosto\/","title":{"rendered":"El mi\u00e9rcoles 20 comienza el pago de los Planes de Emergencia Provinciales correspondientes a agosto"},"content":{"rendered":"<p>El Ministerio de Justicia y Derechos Humanos dio conocer el cronograma de pagos correspondiente a agosto para los beneficiarios de Planes de Emergencia de la Provincia.<\/p>\n<p><img loading=\"lazy\" decoding=\"async\" class=\"alignnone wp-image-59339 size-large\" src=\"http:\/\/elurbanoweb.com.ar\/diario\/wp-content\/uploads\/2025\/08\/cajero2-1024x576.jpg\" alt=\"\" width=\"1024\" height=\"576\" srcset=\"http:\/\/elurbanoweb.com.ar\/diario\/wp-content\/uploads\/2025\/08\/cajero2-1024x576.jpg 1024w, http:\/\/elurbanoweb.com.ar\/diario\/wp-content\/uploads\/2025\/08\/cajero2-300x169.jpg 300w, http:\/\/elurbanoweb.com.ar\/diario\/wp-content\/uploads\/2025\/08\/cajero2-150x84.jpg 150w, http:\/\/elurbanoweb.com.ar\/diario\/wp-content\/uploads\/2025\/08\/cajero2.jpg 1194w\" sizes=\"auto, (max-width: 1024px) 100vw, 1024px\" \/><\/p>\n<p><!--more--><\/p>\n<p>El pago presencial, de 7.45 a 12.45 en las sucursales de Capital y Banda del Banco Santiago del Estero (BSE), se realizar\u00e1 este mi\u00e9rcoles 20 a las personas con DNI finalizados en 0, 1, 2 o 3. Mientras que el jueves 21 podr\u00e1n concurrir los ciudadanos con documentos terminados en 4, 5 o 6, y el viernes 22 a quienes tienen el 7, 8 o 9 como \u00faltimo d\u00edgito.<\/p>\n<p>En las sucursales del interior de la provincia el pago se har\u00e1 sin cronograma a partir del mi\u00e9rcoles 20 de agosto.<\/p>\n","protected":false},"excerpt":{"rendered":"<p>El Ministerio de Justicia y Derechos Humanos dio conocer el cronograma de pagos correspondiente a agosto para los beneficiarios de Planes de Emergencia de la Provincia.<\/p>\n","protected":false},"author":1,"featured_media":59339,"comment_status":"closed","ping_status":"closed","sticky":false,"template":"","format":"standard","meta":{"footnotes":""},"categories":[16],"tags":[],"class_list":["post-59338","post","type-post","status-publish","format-standard","has-post-thumbnail","hentry","category-locales"],"_links":{"self":[{"href":"http:\/\/elurbanoweb.com.ar\/diario\/wp-json\/wp\/v2\/posts\/59338","targetHints":{"allow":["GET"]}}],"collection":[{"href":"http:\/\/elurbanoweb.com.ar\/diario\/wp-json\/wp\/v2\/posts"}],"about":[{"href":"http:\/\/elurbanoweb.com.ar\/diario\/wp-json\/wp\/v2\/types\/post"}],"author":[{"embeddable":true,"href":"http:\/\/elurbanoweb.com.ar\/diario\/wp-json\/wp\/v2\/users\/1"}],"replies":[{"embeddable":true,"href":"http:\/\/elurbanoweb.com.ar\/diario\/wp-json\/wp\/v2\/comments?post=59338"}],"version-history":[{"count":1,"href":"http:\/\/elurbanoweb.com.ar\/diario\/wp-json\/wp\/v2\/posts\/59338\/revisions"}],"predecessor-version":[{"id":59340,"href":"http:\/\/elurbanoweb.com.ar\/diario\/wp-json\/wp\/v2\/posts\/59338\/revisions\/59340"}],"wp:featuredmedia":[{"embeddable":true,"href":"http:\/\/elurbanoweb.com.ar\/diario\/wp-json\/wp\/v2\/media\/59339"}],"wp:attachment":[{"href":"http:\/\/elurbanoweb.com.ar\/diario\/wp-json\/wp\/v2\/media?parent=59338"}],"wp:term":[{"taxonomy":"category","embeddable":true,"href":"http:\/\/elurbanoweb.com.ar\/diario\/wp-json\/wp\/v2\/categories?post=59338"},{"taxonomy":"post_tag","embeddable":true,"href":"http:\/\/elurbanoweb.com.ar\/diario\/wp-json\/wp\/v2\/tags?post=59338"}],"curies":[{"name":"wp","href":"https:\/\/api.w.org\/{rel}","templated":true}]}}