{"id":59390,"date":"2025-08-21T10:35:02","date_gmt":"2025-08-21T13:35:02","guid":{"rendered":"https:\/\/elurbanoweb.com.ar\/diario\/?p=59390"},"modified":"2025-08-21T10:35:02","modified_gmt":"2025-08-21T13:35:02","slug":"el-municipio-actualiza-datos-poblacionales-en-el-b-25-de-mayo","status":"publish","type":"post","link":"http:\/\/elurbanoweb.com.ar\/diario\/el-municipio-actualiza-datos-poblacionales-en-el-b-25-de-mayo\/","title":{"rendered":"El municipio actualiza datos poblacionales en el B\u00b0 25 de Mayo"},"content":{"rendered":"<p>La Secretar\u00eda de Salud, a trav\u00e9s del CAMM N\u00b04, realiz\u00f3 un operativo de relevamiento en el barrio para conocer la realidad de cada familia, sus condiciones de vivienda y acceso a la salud.<\/p>\n<p><img loading=\"lazy\" decoding=\"async\" class=\"alignnone wp-image-59391 size-large\" src=\"http:\/\/elurbanoweb.com.ar\/diario\/wp-content\/uploads\/2025\/08\/poblacionales-1024x887.jpg\" alt=\"\" width=\"1024\" height=\"887\" srcset=\"http:\/\/elurbanoweb.com.ar\/diario\/wp-content\/uploads\/2025\/08\/poblacionales-1024x887.jpg 1024w, http:\/\/elurbanoweb.com.ar\/diario\/wp-content\/uploads\/2025\/08\/poblacionales-300x260.jpg 300w, http:\/\/elurbanoweb.com.ar\/diario\/wp-content\/uploads\/2025\/08\/poblacionales-150x130.jpg 150w, http:\/\/elurbanoweb.com.ar\/diario\/wp-content\/uploads\/2025\/08\/poblacionales.jpg 1200w\" sizes=\"auto, (max-width: 1024px) 100vw, 1024px\" \/><\/p>\n<p><!--more--> Estos datos permitir\u00e1n mejorar la planificaci\u00f3n y garantizar una atenci\u00f3n m\u00e1s cercana y de calidad.<\/p>\n<p>El secretario de Salud, C\u00e9sar Scabuzzo, destac\u00f3:<br \/>\n\u201cEstas acciones son fundamentales para que nuestras pol\u00edticas sanitarias respondan a las necesidades concretas de la comunidad.\u201d<\/p>\n<p>Acciones impulsadas por la gesti\u00f3n del intendente Roger Nediani, con eje en el cuidado integral y preventivo de la salud bande\u00f1a.<\/p>\n","protected":false},"excerpt":{"rendered":"<p>La Secretar\u00eda de Salud, a trav\u00e9s del CAMM N\u00b04, realiz\u00f3 un operativo de relevamiento en el barrio para conocer la realidad de cada familia, sus condiciones de vivienda y acceso&hellip; <\/p>\n","protected":false},"author":1,"featured_media":59391,"comment_status":"closed","ping_status":"closed","sticky":false,"template":"","format":"standard","meta":{"footnotes":""},"categories":[9],"tags":[],"class_list":["post-59390","post","type-post","status-publish","format-standard","has-post-thumbnail","hentry","category-la-banda"],"_links":{"self":[{"href":"http:\/\/elurbanoweb.com.ar\/diario\/wp-json\/wp\/v2\/posts\/59390","targetHints":{"allow":["GET"]}}],"collection":[{"href":"http:\/\/elurbanoweb.com.ar\/diario\/wp-json\/wp\/v2\/posts"}],"about":[{"href":"http:\/\/elurbanoweb.com.ar\/diario\/wp-json\/wp\/v2\/types\/post"}],"author":[{"embeddable":true,"href":"http:\/\/elurbanoweb.com.ar\/diario\/wp-json\/wp\/v2\/users\/1"}],"replies":[{"embeddable":true,"href":"http:\/\/elurbanoweb.com.ar\/diario\/wp-json\/wp\/v2\/comments?post=59390"}],"version-history":[{"count":1,"href":"http:\/\/elurbanoweb.com.ar\/diario\/wp-json\/wp\/v2\/posts\/59390\/revisions"}],"predecessor-version":[{"id":59392,"href":"http:\/\/elurbanoweb.com.ar\/diario\/wp-json\/wp\/v2\/posts\/59390\/revisions\/59392"}],"wp:featuredmedia":[{"embeddable":true,"href":"http:\/\/elurbanoweb.com.ar\/diario\/wp-json\/wp\/v2\/media\/59391"}],"wp:attachment":[{"href":"http:\/\/elurbanoweb.com.ar\/diario\/wp-json\/wp\/v2\/media?parent=59390"}],"wp:term":[{"taxonomy":"category","embeddable":true,"href":"http:\/\/elurbanoweb.com.ar\/diario\/wp-json\/wp\/v2\/categories?post=59390"},{"taxonomy":"post_tag","embeddable":true,"href":"http:\/\/elurbanoweb.com.ar\/diario\/wp-json\/wp\/v2\/tags?post=59390"}],"curies":[{"name":"wp","href":"https:\/\/api.w.org\/{rel}","templated":true}]}}