{"id":59514,"date":"2025-08-23T10:04:46","date_gmt":"2025-08-23T13:04:46","guid":{"rendered":"https:\/\/elurbanoweb.com.ar\/diario\/?p=59514"},"modified":"2025-08-23T10:04:46","modified_gmt":"2025-08-23T13:04:46","slug":"ante-la-solicitud-de-arquitectos-e-ingenieros-se-aprobo-una-amnistia-para-regularizar-documentacion-de-edificaciones","status":"publish","type":"post","link":"http:\/\/elurbanoweb.com.ar\/diario\/ante-la-solicitud-de-arquitectos-e-ingenieros-se-aprobo-una-amnistia-para-regularizar-documentacion-de-edificaciones\/","title":{"rendered":"Ante la solicitud de arquitectos e ingenieros se aprob\u00f3 una amnist\u00eda para regularizar documentaci\u00f3n de edificaciones"},"content":{"rendered":"<p>Por pedido del Consejo Profesional de la Ingenier\u00eda y Afines y el Colegio de Arquitectos de Santiago del Estero, el Concejo Deliberante sancion\u00f3 una ordenanza \u00abde amnist\u00eda\u00bb orientada a regularizar situaciones relativas a edificaciones y divisiones de lotes que se encuentren apartados de la normativa vigente.<\/p>\n<p><img loading=\"lazy\" decoding=\"async\" class=\"alignnone wp-image-59515 size-large\" src=\"http:\/\/elurbanoweb.com.ar\/diario\/wp-content\/uploads\/2025\/08\/edificios-1024x576.jpg\" alt=\"\" width=\"1024\" height=\"576\" srcset=\"http:\/\/elurbanoweb.com.ar\/diario\/wp-content\/uploads\/2025\/08\/edificios-1024x576.jpg 1024w, http:\/\/elurbanoweb.com.ar\/diario\/wp-content\/uploads\/2025\/08\/edificios-300x169.jpg 300w, http:\/\/elurbanoweb.com.ar\/diario\/wp-content\/uploads\/2025\/08\/edificios-150x84.jpg 150w, http:\/\/elurbanoweb.com.ar\/diario\/wp-content\/uploads\/2025\/08\/edificios-1536x864.jpg 1536w, http:\/\/elurbanoweb.com.ar\/diario\/wp-content\/uploads\/2025\/08\/edificios.jpg 1600w\" sizes=\"auto, (max-width: 1024px) 100vw, 1024px\" \/><\/p>\n<p><!--more--> La ordenanza fue promulgada por el Departamento Ejecutivo Municipal y otorg\u00f3 un plazo de 180 d\u00edas para el ingreso de las documentaciones t\u00e9cnicas que se adhieran a las nuevas disposiciones, que deber\u00e1n ser autorizadas por las direcciones de Catastro y de Suelo Urbano.<\/p>\n<p>Respecto de las edificaciones, se hace referencia a las normativas t\u00e9cnicas caratuladas como planos de relevamiento (100% de obra ejecutada) o planos en ejecuci\u00f3n cuyas estructuras tengan un avance de obra del 100%.<\/p>\n<p>De manera excepcional, la ordenanza se aplicar\u00e1 a los casos:<br \/>\na- cuando no existan antecedentes con documentaciones t\u00e9cnicas y se trate de hechos consumados.<br \/>\nb- cuando la documentaci\u00f3n t\u00e9cnica aprobada difiera del hecho consumado.<br \/>\nc- cuando habiendo presentado documentaci\u00f3n t\u00e9cnica y se trate de un hecho consumado o en ejecuci\u00f3n.<br \/>\nd- cuando las documentaciones t\u00e9cnicas fueran rechazadas o retenidas por no cumplir con la normativa en vigencia.<br \/>\ne- cuando el destino de la obra haya cambiado siempre que la zona de implantaci\u00f3n lo permita y que la actividad modificada est\u00e9 contemplada en la normativa vigente.<\/p>\n<p>En tanto, la regularizaci\u00f3n de documentaci\u00f3n t\u00e9cnica de planos de mesura y divisi\u00f3n de lotes, estar\u00e1 bajo la \u00f3rbita de la Direcci\u00f3n de Catastro y por lo tanto evaluar\u00e1 la documentaci\u00f3n presentada para los diferentes casos.<\/p>\n<p>La ordenanza tambi\u00e9n crea un registro de infractores que comprender\u00e1 a todos aquellos profesionales que hayan actuado en contravenci\u00f3n a la normativa vigente en materia de edificaci\u00f3n, ordenamiento urbano y operaciones de agrimensura de lotes.<\/p>\n<p>Adem\u00e1s, establece los valores y aranceles que se deber\u00e1n abonar para la aprobaci\u00f3n de documentaciones t\u00e9cnicas que se adhieran a estas nuevas disposiciones contempladas en la \u201camnist\u00eda\u201d.<\/p>\n<p>A su vez, permitir\u00e1 a la Municipalidad contar con un registro m\u00e1s actualizado del catastro, estado y censado de las edificaciones y de las parcelas existentes.<\/p>\n","protected":false},"excerpt":{"rendered":"<p>Por pedido del Consejo Profesional de la Ingenier\u00eda y Afines y el Colegio de Arquitectos de Santiago del Estero, el Concejo Deliberante sancion\u00f3 una ordenanza \u00abde amnist\u00eda\u00bb orientada a regularizar&hellip; <\/p>\n","protected":false},"author":1,"featured_media":59515,"comment_status":"closed","ping_status":"closed","sticky":false,"template":"","format":"standard","meta":{"footnotes":""},"categories":[3],"tags":[],"class_list":["post-59514","post","type-post","status-publish","format-standard","has-post-thumbnail","hentry","category-municipio"],"_links":{"self":[{"href":"http:\/\/elurbanoweb.com.ar\/diario\/wp-json\/wp\/v2\/posts\/59514","targetHints":{"allow":["GET"]}}],"collection":[{"href":"http:\/\/elurbanoweb.com.ar\/diario\/wp-json\/wp\/v2\/posts"}],"about":[{"href":"http:\/\/elurbanoweb.com.ar\/diario\/wp-json\/wp\/v2\/types\/post"}],"author":[{"embeddable":true,"href":"http:\/\/elurbanoweb.com.ar\/diario\/wp-json\/wp\/v2\/users\/1"}],"replies":[{"embeddable":true,"href":"http:\/\/elurbanoweb.com.ar\/diario\/wp-json\/wp\/v2\/comments?post=59514"}],"version-history":[{"count":1,"href":"http:\/\/elurbanoweb.com.ar\/diario\/wp-json\/wp\/v2\/posts\/59514\/revisions"}],"predecessor-version":[{"id":59516,"href":"http:\/\/elurbanoweb.com.ar\/diario\/wp-json\/wp\/v2\/posts\/59514\/revisions\/59516"}],"wp:featuredmedia":[{"embeddable":true,"href":"http:\/\/elurbanoweb.com.ar\/diario\/wp-json\/wp\/v2\/media\/59515"}],"wp:attachment":[{"href":"http:\/\/elurbanoweb.com.ar\/diario\/wp-json\/wp\/v2\/media?parent=59514"}],"wp:term":[{"taxonomy":"category","embeddable":true,"href":"http:\/\/elurbanoweb.com.ar\/diario\/wp-json\/wp\/v2\/categories?post=59514"},{"taxonomy":"post_tag","embeddable":true,"href":"http:\/\/elurbanoweb.com.ar\/diario\/wp-json\/wp\/v2\/tags?post=59514"}],"curies":[{"name":"wp","href":"https:\/\/api.w.org\/{rel}","templated":true}]}}