{"id":59521,"date":"2025-08-23T13:27:37","date_gmt":"2025-08-23T16:27:37","guid":{"rendered":"https:\/\/elurbanoweb.com.ar\/diario\/?p=59521"},"modified":"2025-08-23T13:27:37","modified_gmt":"2025-08-23T16:27:37","slug":"la-ministra-de-salud-inauguro-una-posta-sanitaria-en-cardon-esquina","status":"publish","type":"post","link":"http:\/\/elurbanoweb.com.ar\/diario\/la-ministra-de-salud-inauguro-una-posta-sanitaria-en-cardon-esquina\/","title":{"rendered":"La Ministra de Salud inaugur\u00f3 una posta sanitaria en Card\u00f3n Esquina"},"content":{"rendered":"<p>El nuevo servicio cuenta con sala de atenci\u00f3n, enfermer\u00eda, recepci\u00f3n, sector farmacia, consultorio cl\u00ednico, de atenci\u00f3n primaria de salud, espacio para m\u00e9dico, dep\u00f3sito, ba\u00f1os, y estacionamiento para ambulancias.<\/p>\n<p><img loading=\"lazy\" decoding=\"async\" class=\"alignnone wp-image-59522 size-full\" src=\"http:\/\/elurbanoweb.com.ar\/diario\/wp-content\/uploads\/2025\/08\/posta.jpg\" alt=\"\" width=\"1010\" height=\"567\" srcset=\"http:\/\/elurbanoweb.com.ar\/diario\/wp-content\/uploads\/2025\/08\/posta.jpg 1010w, http:\/\/elurbanoweb.com.ar\/diario\/wp-content\/uploads\/2025\/08\/posta-300x168.jpg 300w, http:\/\/elurbanoweb.com.ar\/diario\/wp-content\/uploads\/2025\/08\/posta-150x84.jpg 150w\" sizes=\"auto, (max-width: 1010px) 100vw, 1010px\" \/><\/p>\n<p><!--more--><\/p>\n<p>Con la presencia de la ministra de Salud, Natividad Nassif, fue inaugurada una posta sanitaria en la localidad de Card\u00f3n Esquina, en el departamento Figueroa, equipada con lo necesario para brindar asistencia a familias distribuidas en un extenso radio donde se encuentran poblaciones como Bandera Bajada, El Cruce, entre otras.<\/p>\n<p>El nuevo servicio cuenta con sala de atenci\u00f3n, enfermer\u00eda, recepci\u00f3n, sector farmacia, consultorio cl\u00ednico, de atenci\u00f3n primaria de salud, espacio para m\u00e9dico, dep\u00f3sito, ba\u00f1os, y estacionamiento para ambulancias.<\/p>\n<p>Tambi\u00e9n fueron parte de la inauguraci\u00f3n la directora del Interior, Graciela Alsogaray; el director del Centro Provincial de Abordaje Integral de Salud Mental, N\u00e9stor Medina; la responsable de la Secretar\u00eda T\u00e9cnica de Enfermer\u00eda, Agustina G\u00f3mez y la directora del Hospital de Bandera Bajada, Carla Gerez.<\/p>\n<p>Adem\u00e1s de las autoridades de comunas, representantes del Cuerpo de Bomberos, fuerzas de seguridad y vecinos.<\/p>\n<p>Durante la ceremonia, la directora del Hospital de Bandera Bajada resalt\u00f3 la importancia de esta obra para las familias del departamento Figueroa, como una demostraci\u00f3n palpable del deseo del gobernador Gerardo Zamora y todo su gabinete. Dijo: \u201cEsto demuestra que no est\u00e1n solos, para que con inclusi\u00f3n la salud sea igualitaria\u201d.<\/p>\n<p>Asimismo, Alsogaray apel\u00f3 a los vecinos para que cuiden este espacio que fortalece el sistema de sanitario provincial, se\u00f1al\u00f3: \u201cVamos a seguir trabajando en conjunto para el bienestar de todos gracias al Estado que va a estar presente siempre\u201d.<\/p>\n<p>Finalmente, la ministra Nassif dijo: \u201cEstamos inaugurando este puesto sanitario para dar cumplimiento a un objetivo, porque en la ruralidad debemos tener servicios de calidad para las comunidades. Asimismo, los gestores locales tienen la obligaci\u00f3n de compartir la responsabilidad con nosotros. Nuestro gobernador valora la salud y la educaci\u00f3n, porque las pol\u00edticas de salud no son un gasto, son una inversi\u00f3n y este es el mejor ejemplo\u201d.<\/p>\n<p>\u201cQue esta inauguraci\u00f3n sea el inicio de otras, agregando m\u00e1s capacidades profesionales. Este futuro lo tenemos que sostener, que nos asegure la presencia del Estado y tenemos que acompa\u00f1ar la garant\u00eda mirando el futuro. Hoy estamos en un contexto social cr\u00edtico, pero en Santiago del Estero tenemos buena administraci\u00f3n y transparencia. Este proyecto pol\u00edtico quiere seguir desarrollando la capacidad de las comunidades, donde todos tenemos talento y esto nos iguala. Si tenemos oportunidades podemos crecer\u201d, concluy\u00f3.<\/p>\n","protected":false},"excerpt":{"rendered":"<p>El nuevo servicio cuenta con sala de atenci\u00f3n, enfermer\u00eda, recepci\u00f3n, sector farmacia, consultorio cl\u00ednico, de atenci\u00f3n primaria de salud, espacio para m\u00e9dico, dep\u00f3sito, ba\u00f1os, y estacionamiento para ambulancias.<\/p>\n","protected":false},"author":1,"featured_media":59522,"comment_status":"closed","ping_status":"closed","sticky":false,"template":"","format":"standard","meta":{"footnotes":""},"categories":[10],"tags":[],"class_list":["post-59521","post","type-post","status-publish","format-standard","has-post-thumbnail","hentry","category-interior"],"_links":{"self":[{"href":"http:\/\/elurbanoweb.com.ar\/diario\/wp-json\/wp\/v2\/posts\/59521","targetHints":{"allow":["GET"]}}],"collection":[{"href":"http:\/\/elurbanoweb.com.ar\/diario\/wp-json\/wp\/v2\/posts"}],"about":[{"href":"http:\/\/elurbanoweb.com.ar\/diario\/wp-json\/wp\/v2\/types\/post"}],"author":[{"embeddable":true,"href":"http:\/\/elurbanoweb.com.ar\/diario\/wp-json\/wp\/v2\/users\/1"}],"replies":[{"embeddable":true,"href":"http:\/\/elurbanoweb.com.ar\/diario\/wp-json\/wp\/v2\/comments?post=59521"}],"version-history":[{"count":1,"href":"http:\/\/elurbanoweb.com.ar\/diario\/wp-json\/wp\/v2\/posts\/59521\/revisions"}],"predecessor-version":[{"id":59523,"href":"http:\/\/elurbanoweb.com.ar\/diario\/wp-json\/wp\/v2\/posts\/59521\/revisions\/59523"}],"wp:featuredmedia":[{"embeddable":true,"href":"http:\/\/elurbanoweb.com.ar\/diario\/wp-json\/wp\/v2\/media\/59522"}],"wp:attachment":[{"href":"http:\/\/elurbanoweb.com.ar\/diario\/wp-json\/wp\/v2\/media?parent=59521"}],"wp:term":[{"taxonomy":"category","embeddable":true,"href":"http:\/\/elurbanoweb.com.ar\/diario\/wp-json\/wp\/v2\/categories?post=59521"},{"taxonomy":"post_tag","embeddable":true,"href":"http:\/\/elurbanoweb.com.ar\/diario\/wp-json\/wp\/v2\/tags?post=59521"}],"curies":[{"name":"wp","href":"https:\/\/api.w.org\/{rel}","templated":true}]}}