{"id":59524,"date":"2025-08-24T10:38:46","date_gmt":"2025-08-24T13:38:46","guid":{"rendered":"https:\/\/elurbanoweb.com.ar\/diario\/?p=59524"},"modified":"2025-08-24T10:38:46","modified_gmt":"2025-08-24T13:38:46","slug":"el-municipio-bandeno-participo-de-la-celebracion-por-el-centenario-de-la-escuela-prof-andres-ferreyra","status":"publish","type":"post","link":"http:\/\/elurbanoweb.com.ar\/diario\/el-municipio-bandeno-participo-de-la-celebracion-por-el-centenario-de-la-escuela-prof-andres-ferreyra\/","title":{"rendered":"El municipio bande\u00f1o particip\u00f3 de la celebraci\u00f3n por el centenario de la \u201cEscuela Prof. Andr\u00e9s Ferreyra\u201d"},"content":{"rendered":"<p>La Subsecretar\u00eda de Educaci\u00f3n y Cultura y el Honorable Concejo Deliberante de la ciudad de La Banda participaron del acto de celebraci\u00f3n por el Centenario de la Escuela Superior N\u00b0 150 Prof. Andr\u00e9s Ferreyra.<\/p>\n<p><img loading=\"lazy\" decoding=\"async\" class=\"alignnone wp-image-59525 size-full\" src=\"http:\/\/elurbanoweb.com.ar\/diario\/wp-content\/uploads\/2025\/08\/andres.jpg\" alt=\"\" width=\"1010\" height=\"567\" srcset=\"http:\/\/elurbanoweb.com.ar\/diario\/wp-content\/uploads\/2025\/08\/andres.jpg 1010w, http:\/\/elurbanoweb.com.ar\/diario\/wp-content\/uploads\/2025\/08\/andres-300x168.jpg 300w, http:\/\/elurbanoweb.com.ar\/diario\/wp-content\/uploads\/2025\/08\/andres-150x84.jpg 150w\" sizes=\"auto, (max-width: 1010px) 100vw, 1010px\" \/><\/p>\n<p><!--more--><\/p>\n<p>Las actividades conmemorativas se desarrollaron a lo largo del presente ciclo lectivo y tuvieron el objetivo de reunir a ex docentes y alumnos para formar parte de recuperar y revalorizar a la instituci\u00f3n que este a\u00f1o cumple un siglo de historia y aprendizajes en La Banda.<\/p>\n<p>En la ma\u00f1ana del viernes la subsecretaria Alejandra Far\u00edas e integrantes del HCD participaron del acto protocolar y concretaron la entrega de la \u201cDeclaraci\u00f3n de Inter\u00e9s Municipal\u201d a las autoridades de la instituci\u00f3n.<\/p>\n<p>Una vez finalizado el acto, se desplegaron representaciones art\u00edsticas a cargo de la Academia \u201cJuan Saavedra\u201d; la Academia de Danza Folcl\u00f3ricas y Afros \u201cKausayta Tusuy\u201d; Alejandro More; Natanael Ferrari y Cacho Perez.<\/p>\n<p>En la oportunidad, la subsecretaria Farias, se\u00f1al\u00f3: \u00abCon mucha alegr\u00eda estamos participando, en nombre del intendente Ing. Roger Nediani, en la celebraci\u00f3n central del centenario de una de las instituciones m\u00e1s tradicionales y prestigiosas de la ciudad de La Banda, agradecemos la invitaci\u00f3n y les deseamos muchos \u00e9xitos en este nuevo a\u00f1o de vida institucional\u00bb.<\/p>\n","protected":false},"excerpt":{"rendered":"<p>La Subsecretar\u00eda de Educaci\u00f3n y Cultura y el Honorable Concejo Deliberante de la ciudad de La Banda participaron del acto de celebraci\u00f3n por el Centenario de la Escuela Superior N\u00b0&hellip; <\/p>\n","protected":false},"author":1,"featured_media":59525,"comment_status":"closed","ping_status":"closed","sticky":false,"template":"","format":"standard","meta":{"footnotes":""},"categories":[9],"tags":[],"class_list":["post-59524","post","type-post","status-publish","format-standard","has-post-thumbnail","hentry","category-la-banda"],"_links":{"self":[{"href":"http:\/\/elurbanoweb.com.ar\/diario\/wp-json\/wp\/v2\/posts\/59524","targetHints":{"allow":["GET"]}}],"collection":[{"href":"http:\/\/elurbanoweb.com.ar\/diario\/wp-json\/wp\/v2\/posts"}],"about":[{"href":"http:\/\/elurbanoweb.com.ar\/diario\/wp-json\/wp\/v2\/types\/post"}],"author":[{"embeddable":true,"href":"http:\/\/elurbanoweb.com.ar\/diario\/wp-json\/wp\/v2\/users\/1"}],"replies":[{"embeddable":true,"href":"http:\/\/elurbanoweb.com.ar\/diario\/wp-json\/wp\/v2\/comments?post=59524"}],"version-history":[{"count":1,"href":"http:\/\/elurbanoweb.com.ar\/diario\/wp-json\/wp\/v2\/posts\/59524\/revisions"}],"predecessor-version":[{"id":59526,"href":"http:\/\/elurbanoweb.com.ar\/diario\/wp-json\/wp\/v2\/posts\/59524\/revisions\/59526"}],"wp:featuredmedia":[{"embeddable":true,"href":"http:\/\/elurbanoweb.com.ar\/diario\/wp-json\/wp\/v2\/media\/59525"}],"wp:attachment":[{"href":"http:\/\/elurbanoweb.com.ar\/diario\/wp-json\/wp\/v2\/media?parent=59524"}],"wp:term":[{"taxonomy":"category","embeddable":true,"href":"http:\/\/elurbanoweb.com.ar\/diario\/wp-json\/wp\/v2\/categories?post=59524"},{"taxonomy":"post_tag","embeddable":true,"href":"http:\/\/elurbanoweb.com.ar\/diario\/wp-json\/wp\/v2\/tags?post=59524"}],"curies":[{"name":"wp","href":"https:\/\/api.w.org\/{rel}","templated":true}]}}