{"id":59527,"date":"2025-08-24T10:40:27","date_gmt":"2025-08-24T13:40:27","guid":{"rendered":"https:\/\/elurbanoweb.com.ar\/diario\/?p=59527"},"modified":"2025-08-24T10:40:27","modified_gmt":"2025-08-24T13:40:27","slug":"ninos-del-jardin-municipal-n8-mi-pequeno-mundo-fueron-agasajados-con-diferentes-actividades","status":"publish","type":"post","link":"http:\/\/elurbanoweb.com.ar\/diario\/ninos-del-jardin-municipal-n8-mi-pequeno-mundo-fueron-agasajados-con-diferentes-actividades\/","title":{"rendered":"Ni\u00f1os del Jard\u00edn Municipal N\u00b08 \u201cMi Peque\u00f1o Mundo\u201d fueron agasajados con diferentes actividades"},"content":{"rendered":"<p>En su visita a Comodoro Rivadavia, la vicepresidenta Victoria Villarruel destac\u00f3 la importancia de cumplir con su rol institucional, asegurando que no es una figura decorativa y que su prioridad es estar en contacto con los gobernadores.<\/p>\n<p><img loading=\"lazy\" decoding=\"async\" class=\"alignnone wp-image-59528 size-full\" src=\"http:\/\/elurbanoweb.com.ar\/diario\/wp-content\/uploads\/2025\/08\/pequenos.jpg\" alt=\"\" width=\"1010\" height=\"567\" srcset=\"http:\/\/elurbanoweb.com.ar\/diario\/wp-content\/uploads\/2025\/08\/pequenos.jpg 1010w, http:\/\/elurbanoweb.com.ar\/diario\/wp-content\/uploads\/2025\/08\/pequenos-300x168.jpg 300w, http:\/\/elurbanoweb.com.ar\/diario\/wp-content\/uploads\/2025\/08\/pequenos-150x84.jpg 150w\" sizes=\"auto, (max-width: 1010px) 100vw, 1010px\" \/><\/p>\n<p><!--more--><\/p>\n<p>La Secretar\u00eda de Salud de la Municipalidad de La Banda a trav\u00e9s de los Centros de Atenci\u00f3n M\u00e9dica Municipal N\u00b0 5 del barrio Central Argentino agasajaron a los ni\u00f1os del Espacio de Primera Infancia del Jard\u00edn Municipal N\u00b08 \u201cMi Peque\u00f1o Mundo\u201d.<\/p>\n<p>Durante la jornada se compartieron momentos de alegr\u00eda y juegos, en un espacio que busca acompa\u00f1ar la primera infancia no solo desde el cuidado de la salud, sino tambi\u00e9n desde la contenci\u00f3n y el reconocimiento de los m\u00e1s peque\u00f1os como protagonistas.<\/p>\n<p>El secretario de Salud, Dr. Julio C\u00e9sar Scabuzzo, destac\u00f3: \u201cEstas acciones son sencillas pero cargadas de afecto, son fundamentales porque fortalecen el v\u00ednculo entre nuestros equipos de salud y la comunidad. Apostar por la primera infancia es apostar al futuro de La Banda\u201d.<\/p>\n<p>Estas actividades se enmarcan en las pol\u00edticas de gesti\u00f3n impulsadas por el intendente Ing. Roger El\u00edas Nediani, que ponen en el centro a la ni\u00f1ez y al cuidado integral de las familias bande\u00f1as.<\/p>\n","protected":false},"excerpt":{"rendered":"<p>En su visita a Comodoro Rivadavia, la vicepresidenta Victoria Villarruel destac\u00f3 la importancia de cumplir con su rol institucional, asegurando que no es una figura decorativa y que su prioridad&hellip; <\/p>\n","protected":false},"author":1,"featured_media":59528,"comment_status":"closed","ping_status":"closed","sticky":false,"template":"","format":"standard","meta":{"footnotes":""},"categories":[9],"tags":[],"class_list":["post-59527","post","type-post","status-publish","format-standard","has-post-thumbnail","hentry","category-la-banda"],"_links":{"self":[{"href":"http:\/\/elurbanoweb.com.ar\/diario\/wp-json\/wp\/v2\/posts\/59527","targetHints":{"allow":["GET"]}}],"collection":[{"href":"http:\/\/elurbanoweb.com.ar\/diario\/wp-json\/wp\/v2\/posts"}],"about":[{"href":"http:\/\/elurbanoweb.com.ar\/diario\/wp-json\/wp\/v2\/types\/post"}],"author":[{"embeddable":true,"href":"http:\/\/elurbanoweb.com.ar\/diario\/wp-json\/wp\/v2\/users\/1"}],"replies":[{"embeddable":true,"href":"http:\/\/elurbanoweb.com.ar\/diario\/wp-json\/wp\/v2\/comments?post=59527"}],"version-history":[{"count":1,"href":"http:\/\/elurbanoweb.com.ar\/diario\/wp-json\/wp\/v2\/posts\/59527\/revisions"}],"predecessor-version":[{"id":59529,"href":"http:\/\/elurbanoweb.com.ar\/diario\/wp-json\/wp\/v2\/posts\/59527\/revisions\/59529"}],"wp:featuredmedia":[{"embeddable":true,"href":"http:\/\/elurbanoweb.com.ar\/diario\/wp-json\/wp\/v2\/media\/59528"}],"wp:attachment":[{"href":"http:\/\/elurbanoweb.com.ar\/diario\/wp-json\/wp\/v2\/media?parent=59527"}],"wp:term":[{"taxonomy":"category","embeddable":true,"href":"http:\/\/elurbanoweb.com.ar\/diario\/wp-json\/wp\/v2\/categories?post=59527"},{"taxonomy":"post_tag","embeddable":true,"href":"http:\/\/elurbanoweb.com.ar\/diario\/wp-json\/wp\/v2\/tags?post=59527"}],"curies":[{"name":"wp","href":"https:\/\/api.w.org\/{rel}","templated":true}]}}