{"id":59530,"date":"2025-08-24T10:42:16","date_gmt":"2025-08-24T13:42:16","guid":{"rendered":"https:\/\/elurbanoweb.com.ar\/diario\/?p=59530"},"modified":"2025-08-24T10:42:16","modified_gmt":"2025-08-24T13:42:16","slug":"el-intendente-nediani-acompano-la-entrega-de-distinciones-en-el-marco-del-dia-del-lector","status":"publish","type":"post","link":"http:\/\/elurbanoweb.com.ar\/diario\/el-intendente-nediani-acompano-la-entrega-de-distinciones-en-el-marco-del-dia-del-lector\/","title":{"rendered":"El intendente Nediani acompa\u00f1\u00f3 la entrega de distinciones en el marco del \u00abD\u00eda del Lector\u00bb"},"content":{"rendered":"<p>El intendente de la ciudad de La Banda, Ing. Roger El\u00edas Nediani, particip\u00f3 de una emotiva velada cultural organizada por la Sociedad Argentina de Escritores (SADE), filial Santiago del Estero, en conmemoraci\u00f3n del D\u00eda del Lector.<\/p>\n<p><img loading=\"lazy\" decoding=\"async\" class=\"alignnone wp-image-59531 size-full\" src=\"http:\/\/elurbanoweb.com.ar\/diario\/wp-content\/uploads\/2025\/08\/distinciones.jpg\" alt=\"\" width=\"1010\" height=\"567\" srcset=\"http:\/\/elurbanoweb.com.ar\/diario\/wp-content\/uploads\/2025\/08\/distinciones.jpg 1010w, http:\/\/elurbanoweb.com.ar\/diario\/wp-content\/uploads\/2025\/08\/distinciones-300x168.jpg 300w, http:\/\/elurbanoweb.com.ar\/diario\/wp-content\/uploads\/2025\/08\/distinciones-150x84.jpg 150w\" sizes=\"auto, (max-width: 1010px) 100vw, 1010px\" \/><\/p>\n<p><!--more--><\/p>\n<p>El evento se desarroll\u00f3 en la Sala Anexa del Paraninfo de la UNSE y reuni\u00f3 a escritores, autoridades y p\u00fablico en general en una celebraci\u00f3n que puso en valor la literatura santiague\u00f1a.<\/p>\n<p>Durante la jornada, se entregaron las tradicionales \u201cFajas de Honor 2025\u201d, distinci\u00f3n m\u00e1xima que otorga la SADE. En esta oportunidad, las escritoras premiadas fueron: Mary Esca\u00f1uela (Novela) \u2013 \u201cLa loca del pueblo\u201d; Magui Montero (Poes\u00eda) \u2013 \u201cGritos ahogados\u201d; Mar\u00eda Fabiana Calderari de Pellicer (Cuento) \u2013 \u201cEl cuarto alterno\u201d.<\/p>\n<p>Adem\u00e1s, se otorgaron tarjetones de reconocimiento a cinco destacados autores: Marta P\u00e9rez, Jos\u00e9 Ricardo P\u00edo Eberl\u00e9, Magui Montero, Martha Bernardo y Marcelo Ag\u00fcero.<\/p>\n<p>En el marco de la celebraci\u00f3n, los escritores compartieron lecturas de sus obras y su mirada sobre la importancia de la literatura como herramienta de expresi\u00f3n y transformaci\u00f3n cultural.<\/p>\n<p>El jefe comunal expres\u00f3 su gratitud al presidente de la SADE, Ing. H\u00e9ctor Paz, a la vicepresidenta y a toda la comisi\u00f3n directiva \u201cpor el acompa\u00f1amiento y la promoci\u00f3n de la literatura\u201d. En particular, destac\u00f3 el reconocimiento otorgado a los escritores bande\u00f1os Mary Esca\u00f1uela y P\u00edo Eberl\u00e9, subrayando \u201cel orgullo de contar con autores que enriquecen el acervo cultural de nuestra ciudad\u201d.<\/p>\n<p>\u201cHa sido una noche de muchas emociones, donde se puso en valor el trabajo de quienes con sus palabras enriquecen la cultura. Como siempre decimos, gracias a los lectores, los escritores pueden seguir creando\u201d, expres\u00f3 Nediani.<\/p>\n<p>Finalmente, el intendente record\u00f3 que el pr\u00f3ximo 27 de agosto se celebrar\u00e1 el \u00abD\u00eda de la Cultura Bande\u00f1a\u00bb, jornada en la que dar\u00e1 inicio la \u00ab3\u00b0 Edici\u00f3n de la Feria del Libro Municipal de La Banda\u00bb, reafirmando el compromiso de la gesti\u00f3n con la promoci\u00f3n de la cultura, la educaci\u00f3n y la literatura.<\/p>\n","protected":false},"excerpt":{"rendered":"<p>El intendente de la ciudad de La Banda, Ing. Roger El\u00edas Nediani, particip\u00f3 de una emotiva velada cultural organizada por la Sociedad Argentina de Escritores (SADE), filial Santiago del Estero,&hellip; <\/p>\n","protected":false},"author":1,"featured_media":59531,"comment_status":"closed","ping_status":"closed","sticky":false,"template":"","format":"standard","meta":{"footnotes":""},"categories":[9],"tags":[],"class_list":["post-59530","post","type-post","status-publish","format-standard","has-post-thumbnail","hentry","category-la-banda"],"_links":{"self":[{"href":"http:\/\/elurbanoweb.com.ar\/diario\/wp-json\/wp\/v2\/posts\/59530","targetHints":{"allow":["GET"]}}],"collection":[{"href":"http:\/\/elurbanoweb.com.ar\/diario\/wp-json\/wp\/v2\/posts"}],"about":[{"href":"http:\/\/elurbanoweb.com.ar\/diario\/wp-json\/wp\/v2\/types\/post"}],"author":[{"embeddable":true,"href":"http:\/\/elurbanoweb.com.ar\/diario\/wp-json\/wp\/v2\/users\/1"}],"replies":[{"embeddable":true,"href":"http:\/\/elurbanoweb.com.ar\/diario\/wp-json\/wp\/v2\/comments?post=59530"}],"version-history":[{"count":1,"href":"http:\/\/elurbanoweb.com.ar\/diario\/wp-json\/wp\/v2\/posts\/59530\/revisions"}],"predecessor-version":[{"id":59532,"href":"http:\/\/elurbanoweb.com.ar\/diario\/wp-json\/wp\/v2\/posts\/59530\/revisions\/59532"}],"wp:featuredmedia":[{"embeddable":true,"href":"http:\/\/elurbanoweb.com.ar\/diario\/wp-json\/wp\/v2\/media\/59531"}],"wp:attachment":[{"href":"http:\/\/elurbanoweb.com.ar\/diario\/wp-json\/wp\/v2\/media?parent=59530"}],"wp:term":[{"taxonomy":"category","embeddable":true,"href":"http:\/\/elurbanoweb.com.ar\/diario\/wp-json\/wp\/v2\/categories?post=59530"},{"taxonomy":"post_tag","embeddable":true,"href":"http:\/\/elurbanoweb.com.ar\/diario\/wp-json\/wp\/v2\/tags?post=59530"}],"curies":[{"name":"wp","href":"https:\/\/api.w.org\/{rel}","templated":true}]}}