{"id":59536,"date":"2025-08-24T10:46:46","date_gmt":"2025-08-24T13:46:46","guid":{"rendered":"https:\/\/elurbanoweb.com.ar\/diario\/?p=59536"},"modified":"2025-08-24T10:46:46","modified_gmt":"2025-08-24T13:46:46","slug":"inauguran-un-nuevo-puesto-sanitario-en-la-localidad-de-tres-chanares","status":"publish","type":"post","link":"http:\/\/elurbanoweb.com.ar\/diario\/inauguran-un-nuevo-puesto-sanitario-en-la-localidad-de-tres-chanares\/","title":{"rendered":"Inauguran un nuevo puesto sanitario en la localidad de Tres Cha\u00f1ares"},"content":{"rendered":"<p>La Ministra de Salud de la provincia, Natividad Nassif, en representaci\u00f3n del gobernador Gerardo Zamora, inaugur\u00f3 este viernes por la ma\u00f1ana un puesto sanitario en la localidad de Tres Cha\u00f1ares, departamento Figueroa, donde tambi\u00e9n entreg\u00f3 una ambulancia 0 km.<\/p>\n<p><img loading=\"lazy\" decoding=\"async\" class=\"alignnone wp-image-59537 size-large\" src=\"http:\/\/elurbanoweb.com.ar\/diario\/wp-content\/uploads\/2025\/08\/puesto-1024x682.jpg\" alt=\"\" width=\"1024\" height=\"682\" srcset=\"http:\/\/elurbanoweb.com.ar\/diario\/wp-content\/uploads\/2025\/08\/puesto-1024x682.jpg 1024w, http:\/\/elurbanoweb.com.ar\/diario\/wp-content\/uploads\/2025\/08\/puesto-300x200.jpg 300w, http:\/\/elurbanoweb.com.ar\/diario\/wp-content\/uploads\/2025\/08\/puesto-150x100.jpg 150w, http:\/\/elurbanoweb.com.ar\/diario\/wp-content\/uploads\/2025\/08\/puesto-1536x1023.jpg 1536w, http:\/\/elurbanoweb.com.ar\/diario\/wp-content\/uploads\/2025\/08\/puesto.jpg 1600w\" sizes=\"auto, (max-width: 1024px) 100vw, 1024px\" \/><\/p>\n<p><!--more--><\/p>\n<p>El puesto sanitario, dependiente del Hospital Distrital de La Ca\u00f1ada, cuenta con farmacia, dos consultorios externos, enfermer\u00eda, cocina y ba\u00f1os totalmente equipados para asistir a pobladores de Tres Cha\u00f1ares, Remansito, Maderas, Puesto Viejo, La Tapa , La Esperanza y El Salvador.<\/p>\n<p>Durante el acto la ministra estuvo acompa\u00f1ada por la directora del Interior, Graciela Alzogaray; la diputada nacional Nilda Moyano; el comisionado municipal de La Ca\u00f1ada, Cristian Abiakel; el director del Hospital Distrital, Santiago \u00c1balos Mussi, y las encargadas del Puesto Sanitario de Tres Cha\u00f1ares, Andrea Com\u00e1n, Sonia Gerez y Marta Ruiz. Tambi\u00e9n participaron representantes de instituciones educativas y vecinos de la zona.<\/p>\n<p>Al hacer uso de la palabra, Nassif expres\u00f3: \u201cHoy es un d\u00eda de orgullo, de alegr\u00eda y de mayor compromiso con las familias; este puesto sanitario es un viejo anhelo de ustedes, pobladores de la zona, pero tambi\u00e9n nuestro como Ministerio de Salud, porque una de las premisas que nos marc\u00f3 el gobernador es hacer accesible la salud a todas las familias que residen en la ruralidad y que esa accesibilidad sea de calidad\u201d.<\/p>\n<p>Pidi\u00f3 adem\u00e1s a las comunidades locales que colaboren con el cuidado de este centro de salud que forma parte de un importante esfuerzo que realiza el Estado, tanto en recursos humanos como en equipamiento para garantizar un servicio de excelencia. \u201cEstamos dispuestos a seguir invirtiendo en toda la ruralidad de Santiago del Estero para brindar m\u00e1s accesibilidad con calidad y esa es la forma de tener equidad\u201d, agreg\u00f3.<\/p>\n<p>A su turno, el director del Hospital de La Ca\u00f1ada destac\u00f3 la importancia de contar con un puesto sanitario totalmente nuevo para ofrecer una mejor atenci\u00f3n, a lo que se suma una ambulancia. \u201cEsto es una obra m\u00e1s que el gobernador Zamora acerca a la gente del interior,<\/p>\n<p>defendiendo la salud p\u00fablica, gratuita y dando un paso m\u00e1s en la obra p\u00fablica\u201d, enfatiz\u00f3.<\/p>\n","protected":false},"excerpt":{"rendered":"<p>La Ministra de Salud de la provincia, Natividad Nassif, en representaci\u00f3n del gobernador Gerardo Zamora, inaugur\u00f3 este viernes por la ma\u00f1ana un puesto sanitario en la localidad de Tres Cha\u00f1ares,&hellip; <\/p>\n","protected":false},"author":1,"featured_media":59537,"comment_status":"closed","ping_status":"closed","sticky":false,"template":"","format":"standard","meta":{"footnotes":""},"categories":[10],"tags":[],"class_list":["post-59536","post","type-post","status-publish","format-standard","has-post-thumbnail","hentry","category-interior"],"_links":{"self":[{"href":"http:\/\/elurbanoweb.com.ar\/diario\/wp-json\/wp\/v2\/posts\/59536","targetHints":{"allow":["GET"]}}],"collection":[{"href":"http:\/\/elurbanoweb.com.ar\/diario\/wp-json\/wp\/v2\/posts"}],"about":[{"href":"http:\/\/elurbanoweb.com.ar\/diario\/wp-json\/wp\/v2\/types\/post"}],"author":[{"embeddable":true,"href":"http:\/\/elurbanoweb.com.ar\/diario\/wp-json\/wp\/v2\/users\/1"}],"replies":[{"embeddable":true,"href":"http:\/\/elurbanoweb.com.ar\/diario\/wp-json\/wp\/v2\/comments?post=59536"}],"version-history":[{"count":1,"href":"http:\/\/elurbanoweb.com.ar\/diario\/wp-json\/wp\/v2\/posts\/59536\/revisions"}],"predecessor-version":[{"id":59538,"href":"http:\/\/elurbanoweb.com.ar\/diario\/wp-json\/wp\/v2\/posts\/59536\/revisions\/59538"}],"wp:featuredmedia":[{"embeddable":true,"href":"http:\/\/elurbanoweb.com.ar\/diario\/wp-json\/wp\/v2\/media\/59537"}],"wp:attachment":[{"href":"http:\/\/elurbanoweb.com.ar\/diario\/wp-json\/wp\/v2\/media?parent=59536"}],"wp:term":[{"taxonomy":"category","embeddable":true,"href":"http:\/\/elurbanoweb.com.ar\/diario\/wp-json\/wp\/v2\/categories?post=59536"},{"taxonomy":"post_tag","embeddable":true,"href":"http:\/\/elurbanoweb.com.ar\/diario\/wp-json\/wp\/v2\/tags?post=59536"}],"curies":[{"name":"wp","href":"https:\/\/api.w.org\/{rel}","templated":true}]}}