{"id":59539,"date":"2025-08-24T10:49:02","date_gmt":"2025-08-24T13:49:02","guid":{"rendered":"https:\/\/elurbanoweb.com.ar\/diario\/?p=59539"},"modified":"2025-08-24T10:49:02","modified_gmt":"2025-08-24T13:49:02","slug":"organizado-por-la-municipalidad-miles-de-ninos-y-ninas-participaron-de-una-jornada-de-festejo-en-el-parque-sur","status":"publish","type":"post","link":"http:\/\/elurbanoweb.com.ar\/diario\/organizado-por-la-municipalidad-miles-de-ninos-y-ninas-participaron-de-una-jornada-de-festejo-en-el-parque-sur\/","title":{"rendered":"Organizado por la Municipalidad miles de ni\u00f1os y ni\u00f1as participaron de una jornada de festejo en el parque Sur"},"content":{"rendered":"<p>Con una gran participaci\u00f3n de ni\u00f1os y ni\u00f1as se realiz\u00f3 en el parque Sur un nuevo festejo por el D\u00eda de la Ni\u00f1ez, para las familias que residen en esa zona de la ciudad y organizado por la Municipalidad de la Capital.<\/p>\n<p><img loading=\"lazy\" decoding=\"async\" class=\"alignnone wp-image-59540 size-large\" src=\"http:\/\/elurbanoweb.com.ar\/diario\/wp-content\/uploads\/2025\/08\/festejo15-1024x768.jpg\" alt=\"\" width=\"1024\" height=\"768\" srcset=\"http:\/\/elurbanoweb.com.ar\/diario\/wp-content\/uploads\/2025\/08\/festejo15-1024x768.jpg 1024w, http:\/\/elurbanoweb.com.ar\/diario\/wp-content\/uploads\/2025\/08\/festejo15-300x225.jpg 300w, http:\/\/elurbanoweb.com.ar\/diario\/wp-content\/uploads\/2025\/08\/festejo15-150x113.jpg 150w, http:\/\/elurbanoweb.com.ar\/diario\/wp-content\/uploads\/2025\/08\/festejo15-1536x1152.jpg 1536w, http:\/\/elurbanoweb.com.ar\/diario\/wp-content\/uploads\/2025\/08\/festejo15.jpg 1600w\" sizes=\"auto, (max-width: 1024px) 100vw, 1024px\" \/><\/p>\n<p><!--more--> La coordinaci\u00f3n del evento estuvo a cargo del \u00e1rea de Gesti\u00f3n Urbana, de la Subsecretar\u00eda de Desarrollo Social y de la Secretaria de Gobierno en articulaci\u00f3n con otras reparticiones de la comuna.<\/p>\n<p>&#xfe0f;La gran convocatoria se vio reflejada porque durante la jornada de celebraci\u00f3n se entregaron m\u00e1s de 4000 mil n\u00fameros para los sorteos de juguetes y bicicletas.<\/p>\n<p>Tambi\u00e9n los ni\u00f1os y ni\u00f1as pudieron participar de juegos gratuitos como peloteros, maquillaje art\u00edsticos, entre otros.<\/p>\n<p>En tanto la animaci\u00f3n cont\u00f3 con los shows de los grupos Mequetrefe y Sin Sal. Adem\u00e1s hubo una feria de emprendedores.<\/p>\n","protected":false},"excerpt":{"rendered":"<p>Con una gran participaci\u00f3n de ni\u00f1os y ni\u00f1as se realiz\u00f3 en el parque Sur un nuevo festejo por el D\u00eda de la Ni\u00f1ez, para las familias que residen en esa&hellip; <\/p>\n","protected":false},"author":1,"featured_media":59540,"comment_status":"closed","ping_status":"closed","sticky":false,"template":"","format":"standard","meta":{"footnotes":""},"categories":[3],"tags":[],"class_list":["post-59539","post","type-post","status-publish","format-standard","has-post-thumbnail","hentry","category-municipio"],"_links":{"self":[{"href":"http:\/\/elurbanoweb.com.ar\/diario\/wp-json\/wp\/v2\/posts\/59539","targetHints":{"allow":["GET"]}}],"collection":[{"href":"http:\/\/elurbanoweb.com.ar\/diario\/wp-json\/wp\/v2\/posts"}],"about":[{"href":"http:\/\/elurbanoweb.com.ar\/diario\/wp-json\/wp\/v2\/types\/post"}],"author":[{"embeddable":true,"href":"http:\/\/elurbanoweb.com.ar\/diario\/wp-json\/wp\/v2\/users\/1"}],"replies":[{"embeddable":true,"href":"http:\/\/elurbanoweb.com.ar\/diario\/wp-json\/wp\/v2\/comments?post=59539"}],"version-history":[{"count":1,"href":"http:\/\/elurbanoweb.com.ar\/diario\/wp-json\/wp\/v2\/posts\/59539\/revisions"}],"predecessor-version":[{"id":59541,"href":"http:\/\/elurbanoweb.com.ar\/diario\/wp-json\/wp\/v2\/posts\/59539\/revisions\/59541"}],"wp:featuredmedia":[{"embeddable":true,"href":"http:\/\/elurbanoweb.com.ar\/diario\/wp-json\/wp\/v2\/media\/59540"}],"wp:attachment":[{"href":"http:\/\/elurbanoweb.com.ar\/diario\/wp-json\/wp\/v2\/media?parent=59539"}],"wp:term":[{"taxonomy":"category","embeddable":true,"href":"http:\/\/elurbanoweb.com.ar\/diario\/wp-json\/wp\/v2\/categories?post=59539"},{"taxonomy":"post_tag","embeddable":true,"href":"http:\/\/elurbanoweb.com.ar\/diario\/wp-json\/wp\/v2\/tags?post=59539"}],"curies":[{"name":"wp","href":"https:\/\/api.w.org\/{rel}","templated":true}]}}