{"id":59549,"date":"2025-08-25T00:00:51","date_gmt":"2025-08-25T03:00:51","guid":{"rendered":"https:\/\/elurbanoweb.com.ar\/diario\/?p=59549"},"modified":"2025-08-25T00:00:51","modified_gmt":"2025-08-25T03:00:51","slug":"la-banda-participara-del-1er-congreso-internacional-sobre-adicciones-en-santiago-del-estero","status":"publish","type":"post","link":"http:\/\/elurbanoweb.com.ar\/diario\/la-banda-participara-del-1er-congreso-internacional-sobre-adicciones-en-santiago-del-estero\/","title":{"rendered":"La Banda participar\u00e1 del 1er. Congreso Internacional sobre Adicciones en Santiago del Estero"},"content":{"rendered":"<p>La Secretar\u00eda de Salud de la Municipalidad de La Banda participar\u00e1 activamente del Primer Congreso Internacional \u201cAdicciones: Sistemas en Red y Comunidades Inteligentes\u201d, que se llevar\u00e1 a cabo los d\u00edas 4 y 5 de septiembre en el FORUM \u2013 Centro de Convenciones de Santiago del Estero.<\/p>\n<p><img loading=\"lazy\" decoding=\"async\" class=\"alignnone wp-image-59550 size-full\" src=\"http:\/\/elurbanoweb.com.ar\/diario\/wp-content\/uploads\/2025\/08\/congreso1.jpg\" alt=\"\" width=\"1010\" height=\"567\" srcset=\"http:\/\/elurbanoweb.com.ar\/diario\/wp-content\/uploads\/2025\/08\/congreso1.jpg 1010w, http:\/\/elurbanoweb.com.ar\/diario\/wp-content\/uploads\/2025\/08\/congreso1-300x168.jpg 300w, http:\/\/elurbanoweb.com.ar\/diario\/wp-content\/uploads\/2025\/08\/congreso1-150x84.jpg 150w\" sizes=\"auto, (max-width: 1010px) 100vw, 1010px\" \/><\/p>\n<p><!--more--><\/p>\n<p>Este importante encuentro reunir\u00e1 a especialistas nacionales e internacionales, junto con representantes de instituciones educativas, de salud, justicia, organizaciones y sectores sociales, con el objetivo de fortalecer las redes comunitarias de cuidado y promover estrategias innovadoras en prevenci\u00f3n, tratamiento y pol\u00edticas p\u00fablicas.<\/p>\n<p>Durante las dos jornadas se desarrollar\u00e1n conferencias magistrales, paneles interdisciplinarios y espacios de intercambio de experiencias, donde se compartir\u00e1n investigaciones y pr\u00e1cticas sobre el abordaje integral de las adicciones.<\/p>\n<p>Al respecto, el secretario de Salud, Julio C\u00e9sar Scabuzzo, se\u00f1al\u00f3: \u201cEs fundamental que desde los municipios participemos de estos espacios, porque nos permiten intercambiar experiencias, acceder a nuevas herramientas y reforzar el compromiso que tenemos con la salud comunitaria, en especial frente a problem\u00e1ticas tan sensibles como las adicciones\u201d.<\/p>\n<p>Inscripciones e informaci\u00f3n completa: https:\/\/congresoadiccionessde.com.ar\/<\/p>\n<p>De esta manera, la Municipalidad de La Banda, a trav\u00e9s de su Secretar\u00eda de Salud, se suma al compromiso de construir comunidades m\u00e1s saludables, inclusivas e inteligentes.<\/p>\n","protected":false},"excerpt":{"rendered":"<p>La Secretar\u00eda de Salud de la Municipalidad de La Banda participar\u00e1 activamente del Primer Congreso Internacional \u201cAdicciones: Sistemas en Red y Comunidades Inteligentes\u201d, que se llevar\u00e1 a cabo los d\u00edas&hellip; <\/p>\n","protected":false},"author":1,"featured_media":59550,"comment_status":"closed","ping_status":"closed","sticky":false,"template":"","format":"standard","meta":{"footnotes":""},"categories":[9],"tags":[],"class_list":["post-59549","post","type-post","status-publish","format-standard","has-post-thumbnail","hentry","category-la-banda"],"_links":{"self":[{"href":"http:\/\/elurbanoweb.com.ar\/diario\/wp-json\/wp\/v2\/posts\/59549","targetHints":{"allow":["GET"]}}],"collection":[{"href":"http:\/\/elurbanoweb.com.ar\/diario\/wp-json\/wp\/v2\/posts"}],"about":[{"href":"http:\/\/elurbanoweb.com.ar\/diario\/wp-json\/wp\/v2\/types\/post"}],"author":[{"embeddable":true,"href":"http:\/\/elurbanoweb.com.ar\/diario\/wp-json\/wp\/v2\/users\/1"}],"replies":[{"embeddable":true,"href":"http:\/\/elurbanoweb.com.ar\/diario\/wp-json\/wp\/v2\/comments?post=59549"}],"version-history":[{"count":1,"href":"http:\/\/elurbanoweb.com.ar\/diario\/wp-json\/wp\/v2\/posts\/59549\/revisions"}],"predecessor-version":[{"id":59551,"href":"http:\/\/elurbanoweb.com.ar\/diario\/wp-json\/wp\/v2\/posts\/59549\/revisions\/59551"}],"wp:featuredmedia":[{"embeddable":true,"href":"http:\/\/elurbanoweb.com.ar\/diario\/wp-json\/wp\/v2\/media\/59550"}],"wp:attachment":[{"href":"http:\/\/elurbanoweb.com.ar\/diario\/wp-json\/wp\/v2\/media?parent=59549"}],"wp:term":[{"taxonomy":"category","embeddable":true,"href":"http:\/\/elurbanoweb.com.ar\/diario\/wp-json\/wp\/v2\/categories?post=59549"},{"taxonomy":"post_tag","embeddable":true,"href":"http:\/\/elurbanoweb.com.ar\/diario\/wp-json\/wp\/v2\/tags?post=59549"}],"curies":[{"name":"wp","href":"https:\/\/api.w.org\/{rel}","templated":true}]}}