{"id":59558,"date":"2025-08-25T00:07:25","date_gmt":"2025-08-25T03:07:25","guid":{"rendered":"https:\/\/elurbanoweb.com.ar\/diario\/?p=59558"},"modified":"2025-08-25T00:07:25","modified_gmt":"2025-08-25T03:07:25","slug":"el-area-de-la-tercera-edad-organiza-capacitacion-sobre-ciberdelitos-destinado-a-centros-jubilados","status":"publish","type":"post","link":"http:\/\/elurbanoweb.com.ar\/diario\/el-area-de-la-tercera-edad-organiza-capacitacion-sobre-ciberdelitos-destinado-a-centros-jubilados\/","title":{"rendered":"El \u00e1rea de la Tercera Edad organiza capacitaci\u00f3n sobre ciberdelitos destinado a centros jubilados"},"content":{"rendered":"<p>La subdirecci\u00f3n de la Tercera Edad de la Municipalidad de la Capital organizar\u00e1 una capacitaci\u00f3n sobre ciberdelitos destinada a los miembros de todos los centros de jubilados de la ciudad, a los fines de evitar fraudes y estafas virtuales.<\/p>\n<p><img loading=\"lazy\" decoding=\"async\" class=\"alignnone wp-image-59559 size-large\" src=\"http:\/\/elurbanoweb.com.ar\/diario\/wp-content\/uploads\/2025\/08\/charla0-726x1024.jpg\" alt=\"\" width=\"726\" height=\"1024\" srcset=\"http:\/\/elurbanoweb.com.ar\/diario\/wp-content\/uploads\/2025\/08\/charla0-726x1024.jpg 726w, http:\/\/elurbanoweb.com.ar\/diario\/wp-content\/uploads\/2025\/08\/charla0-213x300.jpg 213w, http:\/\/elurbanoweb.com.ar\/diario\/wp-content\/uploads\/2025\/08\/charla0-106x150.jpg 106w, http:\/\/elurbanoweb.com.ar\/diario\/wp-content\/uploads\/2025\/08\/charla0.jpg 908w\" sizes=\"auto, (max-width: 726px) 100vw, 726px\" \/><\/p>\n<p><!--more--> La iniciativa busca otorgarles a los adultos mayores herramientas para reconocer y prevenir estos delitos inform\u00e1ticos, adem\u00e1s de ofrecerles informaci\u00f3n sobre qu\u00e9 hacer en caso de haber sido v\u00edctimas, incluyendo canales de denuncia y recomendaciones de seguridad.<\/p>\n<p>A cargo de profesionales del Banco Santiago del Estero, el curso se desarrollar\u00e1 el pr\u00f3ximo lunes 25, de 10 a 12 horas, en el Centro Cultural Ricardo Rojas ubicado en Libertad y Pringles, con entrada libre y gratuita.<\/p>\n","protected":false},"excerpt":{"rendered":"<p>La subdirecci\u00f3n de la Tercera Edad de la Municipalidad de la Capital organizar\u00e1 una capacitaci\u00f3n sobre ciberdelitos destinada a los miembros de todos los centros de jubilados de la ciudad,&hellip; <\/p>\n","protected":false},"author":1,"featured_media":59559,"comment_status":"closed","ping_status":"closed","sticky":false,"template":"","format":"standard","meta":{"footnotes":""},"categories":[3],"tags":[],"class_list":["post-59558","post","type-post","status-publish","format-standard","has-post-thumbnail","hentry","category-municipio"],"_links":{"self":[{"href":"http:\/\/elurbanoweb.com.ar\/diario\/wp-json\/wp\/v2\/posts\/59558","targetHints":{"allow":["GET"]}}],"collection":[{"href":"http:\/\/elurbanoweb.com.ar\/diario\/wp-json\/wp\/v2\/posts"}],"about":[{"href":"http:\/\/elurbanoweb.com.ar\/diario\/wp-json\/wp\/v2\/types\/post"}],"author":[{"embeddable":true,"href":"http:\/\/elurbanoweb.com.ar\/diario\/wp-json\/wp\/v2\/users\/1"}],"replies":[{"embeddable":true,"href":"http:\/\/elurbanoweb.com.ar\/diario\/wp-json\/wp\/v2\/comments?post=59558"}],"version-history":[{"count":1,"href":"http:\/\/elurbanoweb.com.ar\/diario\/wp-json\/wp\/v2\/posts\/59558\/revisions"}],"predecessor-version":[{"id":59560,"href":"http:\/\/elurbanoweb.com.ar\/diario\/wp-json\/wp\/v2\/posts\/59558\/revisions\/59560"}],"wp:featuredmedia":[{"embeddable":true,"href":"http:\/\/elurbanoweb.com.ar\/diario\/wp-json\/wp\/v2\/media\/59559"}],"wp:attachment":[{"href":"http:\/\/elurbanoweb.com.ar\/diario\/wp-json\/wp\/v2\/media?parent=59558"}],"wp:term":[{"taxonomy":"category","embeddable":true,"href":"http:\/\/elurbanoweb.com.ar\/diario\/wp-json\/wp\/v2\/categories?post=59558"},{"taxonomy":"post_tag","embeddable":true,"href":"http:\/\/elurbanoweb.com.ar\/diario\/wp-json\/wp\/v2\/tags?post=59558"}],"curies":[{"name":"wp","href":"https:\/\/api.w.org\/{rel}","templated":true}]}}