{"id":59561,"date":"2025-08-25T00:08:35","date_gmt":"2025-08-25T03:08:35","guid":{"rendered":"https:\/\/elurbanoweb.com.ar\/diario\/?p=59561"},"modified":"2025-08-25T00:08:35","modified_gmt":"2025-08-25T03:08:35","slug":"quimili-avanza-con-obras-inauguraron-iluminacion-en-el-acceso-por-ruta-116","status":"publish","type":"post","link":"http:\/\/elurbanoweb.com.ar\/diario\/quimili-avanza-con-obras-inauguraron-iluminacion-en-el-acceso-por-ruta-116\/","title":{"rendered":"Quimil\u00ed avanza con obras: inauguraron iluminaci\u00f3n en el acceso por Ruta 116"},"content":{"rendered":"<p>Con una emotiva ceremonia y una gran participaci\u00f3n vecinal, el intendente Diego Ponti habilit\u00f3 nuevas luminarias LED en puntos estrat\u00e9gicos de la ciudad, mejorando la seguridad vial y la calidad de vida.<\/p>\n<p><img loading=\"lazy\" decoding=\"async\" class=\"alignnone wp-image-59562 size-full\" src=\"http:\/\/elurbanoweb.com.ar\/diario\/wp-content\/uploads\/2025\/08\/quimili.jpg\" alt=\"\" width=\"1010\" height=\"567\" srcset=\"http:\/\/elurbanoweb.com.ar\/diario\/wp-content\/uploads\/2025\/08\/quimili.jpg 1010w, http:\/\/elurbanoweb.com.ar\/diario\/wp-content\/uploads\/2025\/08\/quimili-300x168.jpg 300w, http:\/\/elurbanoweb.com.ar\/diario\/wp-content\/uploads\/2025\/08\/quimili-150x84.jpg 150w\" sizes=\"auto, (max-width: 1010px) 100vw, 1010px\" \/><\/p>\n<p><!--more--><\/p>\n<p>En una jornada cargada de mucha emoci\u00f3n, con una importante presencia de vecinos, el intendente Diego Ponti dej\u00f3 oficialmente inaugurada, la tan ansiada obra de iluminaci\u00f3n en el acceso a Quimil\u00ed por Ruta Provincial N\u00b0 116, un proyecto que marca un antes y un despu\u00e9s en la seguridad vial y el desarrollo de la ciudad cabecera del departamento Moreno, adem\u00e1s del enripiado e iluminaci\u00f3n de la calle Pelegrini en el barrio Juan XXIII.<\/p>\n<p>El intendente de Quimil\u00ed estuvo acompa\u00f1ado por el Padre Eugenio Milewicz de la parroquia san Pedro y San Pablo, quien tuvo a su cargo la bendici\u00f3n de la ceremonia, adem\u00e1s de la concejal Carolina Reinaga y miembros de su gabinete que junto a un gran n\u00famero de vecinos fueron parte de este tan ansiado momento.<\/p>\n<p>En primera instancia de la noche del viernes, se realiz\u00f3 la bendici\u00f3n y corte de cinta para dejar inaugurado el moderno sistema de iluminaci\u00f3n led en la colectora del barrio Juan XXIII, en donde se realiz\u00f3 adem\u00e1s un importante trabajo de acondicionamiento de calles, que incluyo nivelaci\u00f3n, compactaci\u00f3n y enripiado, en una arteria en la cual est\u00e1n instalados, comedores comunitarios, hogar de ancianos, comercios.<\/p>\n<p>Luego la comitiva se dirigi\u00f3 hacia la ruta 116, para dejar inaugurada una de las obras estructurales m\u00e1s importantes y necesarias del \u00faltimo tiempo, obra que abarca el tramo entre el acceso a Quimil\u00ed por rotando sur, en el cruce de las rutas nacional 89, ruta provincial 92 y ruta 116, marcando el ingreso en a la ciudad de casi 4 kil\u00f3metros totalmente iluminado, implic\u00f3 una importante inversi\u00f3n municipal. El nuevo sistema de iluminaci\u00f3n incluye la instalaci\u00f3n de m\u00e1s de 100 luminarias, ubicadas a una distancia aproximada de 22 metros entre s\u00ed, montadas sobre columnas de 12 metros de altura y brazos pescantes de 2,5 metros. Esta infraestructura garantiza una visibilidad \u00f3ptima y mayores condiciones de seguridad para quienes transitan este importante acceso.<\/p>\n<p>El intendente de Quimil\u00ed el doctor Diego Ponti hablo sobre el impacto que esto genera; \u201cEstamos muy felices por poder dejar inaugurada esta obra sumamente necesaria, en este sector hab\u00eda mucha inseguridad, angustia por accidentes que generaron tragedias, que a partir de ahora se van a disminuir este tipo de hechos lamentables, con esta iluminaci\u00f3n queremos representar el progreso, porque nuestra tierra es una tierra f\u00e9rtil, la luz da oportunidad, representa la seguridad, abre caminos a que se puedan instalar nuevas empresas, que ven nuestro pueblo iluminado y limpio, por eso es nuestra felicidad, porque son obras para toda la vida, me emociona poder realizarlas en nuestra gesti\u00f3n y en tiempo de una profunda crisis econ\u00f3mica nacional, pero tomamos el compromiso, siempre con el respaldo de nuestro gobernador Gerardo Zamora y hoy podemos dejarlo inaugurado, y a partir de hoy ya nos ponemos a trabajar para iluminar la ruta 89, dando luz a barrios completos porque este gobierno trabaja atendiendo cada requerimiento del pueblo\u201d.<\/p>\n","protected":false},"excerpt":{"rendered":"<p>Con una emotiva ceremonia y una gran participaci\u00f3n vecinal, el intendente Diego Ponti habilit\u00f3 nuevas luminarias LED en puntos estrat\u00e9gicos de la ciudad, mejorando la seguridad vial y la calidad&hellip; <\/p>\n","protected":false},"author":1,"featured_media":59562,"comment_status":"closed","ping_status":"closed","sticky":false,"template":"","format":"standard","meta":{"footnotes":""},"categories":[10],"tags":[],"class_list":["post-59561","post","type-post","status-publish","format-standard","has-post-thumbnail","hentry","category-interior"],"_links":{"self":[{"href":"http:\/\/elurbanoweb.com.ar\/diario\/wp-json\/wp\/v2\/posts\/59561","targetHints":{"allow":["GET"]}}],"collection":[{"href":"http:\/\/elurbanoweb.com.ar\/diario\/wp-json\/wp\/v2\/posts"}],"about":[{"href":"http:\/\/elurbanoweb.com.ar\/diario\/wp-json\/wp\/v2\/types\/post"}],"author":[{"embeddable":true,"href":"http:\/\/elurbanoweb.com.ar\/diario\/wp-json\/wp\/v2\/users\/1"}],"replies":[{"embeddable":true,"href":"http:\/\/elurbanoweb.com.ar\/diario\/wp-json\/wp\/v2\/comments?post=59561"}],"version-history":[{"count":1,"href":"http:\/\/elurbanoweb.com.ar\/diario\/wp-json\/wp\/v2\/posts\/59561\/revisions"}],"predecessor-version":[{"id":59563,"href":"http:\/\/elurbanoweb.com.ar\/diario\/wp-json\/wp\/v2\/posts\/59561\/revisions\/59563"}],"wp:featuredmedia":[{"embeddable":true,"href":"http:\/\/elurbanoweb.com.ar\/diario\/wp-json\/wp\/v2\/media\/59562"}],"wp:attachment":[{"href":"http:\/\/elurbanoweb.com.ar\/diario\/wp-json\/wp\/v2\/media?parent=59561"}],"wp:term":[{"taxonomy":"category","embeddable":true,"href":"http:\/\/elurbanoweb.com.ar\/diario\/wp-json\/wp\/v2\/categories?post=59561"},{"taxonomy":"post_tag","embeddable":true,"href":"http:\/\/elurbanoweb.com.ar\/diario\/wp-json\/wp\/v2\/tags?post=59561"}],"curies":[{"name":"wp","href":"https:\/\/api.w.org\/{rel}","templated":true}]}}