{"id":59579,"date":"2025-08-25T17:19:58","date_gmt":"2025-08-25T20:19:58","guid":{"rendered":"https:\/\/elurbanoweb.com.ar\/diario\/?p=59579"},"modified":"2025-08-25T17:19:58","modified_gmt":"2025-08-25T20:19:58","slug":"zamora-inauguro-el-renovado-edificio-de-la-escuela-n-130-pedro-miguel-araoz-en-el-desmonte-y-entrego-viviendas-sociales","status":"publish","type":"post","link":"http:\/\/elurbanoweb.com.ar\/diario\/zamora-inauguro-el-renovado-edificio-de-la-escuela-n-130-pedro-miguel-araoz-en-el-desmonte-y-entrego-viviendas-sociales\/","title":{"rendered":"Zamora inaugur\u00f3 el renovado edificio de la Escuela N\u00b0 130 \u201cPedro Miguel Ar\u00e1oz\u201d en El Desmonte y entreg\u00f3 viviendas sociales"},"content":{"rendered":"<p>El gobernador Gerardo Zamora inaugur\u00f3 este lunes en El Desmonte, departamento Choya, la refacci\u00f3n integral y ampliaci\u00f3n de la Escuela N\u00ba 130 \u201cPedro Miguel Araoz\u201d, a donde asisten 19 alumnos provenientes de esta localidad y de parajes cercanos como El Porvenir, Gigi Pozo, San Bernardo y San Lorenzo.<\/p>\n<p><img loading=\"lazy\" decoding=\"async\" class=\"alignnone wp-image-59580 size-large\" src=\"http:\/\/elurbanoweb.com.ar\/diario\/wp-content\/uploads\/2025\/08\/pedro-1024x674.jpg\" alt=\"\" width=\"1024\" height=\"674\" srcset=\"http:\/\/elurbanoweb.com.ar\/diario\/wp-content\/uploads\/2025\/08\/pedro-1024x674.jpg 1024w, http:\/\/elurbanoweb.com.ar\/diario\/wp-content\/uploads\/2025\/08\/pedro-300x198.jpg 300w, http:\/\/elurbanoweb.com.ar\/diario\/wp-content\/uploads\/2025\/08\/pedro-150x99.jpg 150w, http:\/\/elurbanoweb.com.ar\/diario\/wp-content\/uploads\/2025\/08\/pedro-1536x1012.jpg 1536w, http:\/\/elurbanoweb.com.ar\/diario\/wp-content\/uploads\/2025\/08\/pedro-2048x1349.jpg 2048w\" sizes=\"auto, (max-width: 1024px) 100vw, 1024px\" \/><\/p>\n<p><!--more--><\/p>\n<p>En este edificio tambi\u00e9n funciona el Agrupamiento N\u00ba 86.051, que tiene sede en el Colegio Secundario de San Antonio.<\/p>\n<p>Adem\u00e1s, en el domicilio de la familia de Selva Teresa Sosa, en el paraje San Bernardo, fueron entregadas viviendas sociales a familias de la zona. Las mismas fueron construidas por la Asociaci\u00f3n Civil La Fortaleza y la Comisi\u00f3n de Fomento Comunal El Milagro.<\/p>\n<p><img loading=\"lazy\" decoding=\"async\" class=\"alignnone wp-image-59581 size-full\" src=\"http:\/\/elurbanoweb.com.ar\/diario\/wp-content\/uploads\/2025\/08\/pedro1.jpg\" alt=\"\" width=\"1024\" height=\"696\" srcset=\"http:\/\/elurbanoweb.com.ar\/diario\/wp-content\/uploads\/2025\/08\/pedro1.jpg 1024w, http:\/\/elurbanoweb.com.ar\/diario\/wp-content\/uploads\/2025\/08\/pedro1-300x204.jpg 300w, http:\/\/elurbanoweb.com.ar\/diario\/wp-content\/uploads\/2025\/08\/pedro1-150x102.jpg 150w\" sizes=\"auto, (max-width: 1024px) 100vw, 1024px\" \/><\/p>\n<p>Tambi\u00e9n participaron de las actividades oficiales el vicegobernador Carlos Silva Neder; el jefe de Gabinete, El\u00edas Su\u00e1rez, y los ministros de Educaci\u00f3n, Mariela Nassif; de Obras P\u00fablicas, Aldo Hid, y de Desarrollo Social, \u00c1ngel Niccolai; la presidente del Consejo General de Educaci\u00f3n, Mar\u00eda Elena Herrera, junto con el comisionado municipal de Choya, Jos\u00e9 G\u00f3mez.<\/p>\n<p>En el establecimiento educativo, las autoridades fueron recibidas por la directora Genuaria Guti\u00e9rrez, quien las acompa\u00f1\u00f3 en el recorrido por el edificio que est\u00e1 conformado por cuatro aulas, direcci\u00f3n y sala de profesores, comedor cocina, galer\u00eda, patio de formaci\u00f3n cubierto, n\u00facleos sanitarios, dormitorio de docentes y patio cubierto.<\/p>\n<p>Durante su discurso, el gobernador destac\u00f3 los beneficios del programa de viviendas sociales, que se lleva adelante en conjunto con las organizaciones no gubernamentales, las intendencias y las comisiones municipales.<\/p>\n<p>Dijo: \u201cEs un programa que no pensamos detener, porque para nosotros es muy importante y pese a las dificultades econ\u00f3micas que atravesamos las provincias, vamos a seguir invirtiendo hasta que no quede ninguna familia santiague\u00f1a con su techo digno\u201d.<\/p>\n<p>Con respecto a las obras de infraestructura educativa, ratific\u00f3 que \u201cla educaci\u00f3n es un pilar fundamental\u201d, porque de esta forma \u201cse trata de generar igualdad y posibilidad educativa para todos\u201d.<\/p>\n<p>Asegur\u00f3 que el desaf\u00edo es que \u201cuna escuela importante de la ciudad de Fr\u00edas o de la Capital, con miles de alumnos, tenga las mismas caracter\u00edsticas o tenga el mismo equipamiento y las condiciones pedag\u00f3gicas de cualquier otra escuela del interior del departamento Choya o de cualquier paraje de nuestra provincia\u201d.<\/p>\n<p>\u201cY para ello \u2013agreg\u00f3- seguiremos trabajando en la construcci\u00f3n de jardines de infantes, de escuelas y de colegios secundarios que hemos mejorado y los agrupamientos que en la ruralidad no exist\u00edan y los fuimos creando. Adem\u00e1s de beneficiar a todos los estudiantes con los alimentos proteicos que venimos entregando para que todos los ni\u00f1os y nuestros j\u00f3venes tengan las prote\u00ednas en un momento importante de crecimiento y desarrollo\u201d.<\/p>\n<p>Tambi\u00e9n marc\u00f3 la relevancia de llevar internet a todos los rincones de la provincia. \u201cAs\u00ed como en esta escuela vamos a tener este servicio en todas las escuelas de la provincia hasta antes que finalice este ciclo lectivo junto con la entrega de las tablets a los alumnos que cursan el \u00faltimo a\u00f1o de la secundaria\u201d, indic\u00f3.<\/p>\n<p>En este contexto, Zamora tambi\u00e9n valor\u00f3 el trabajo comprometido de todos los docentes, quienes garantizan el cumplimiento del calendario escolar en Santiago del Estero.<\/p>\n<p>\u201cNo son tiempos f\u00e1ciles los que se viven y tenemos que afrontarlo con esperanza y solidaridad. Es muy importante que los santiague\u00f1os por encima de las cuestiones secundarias que nos puedan dividir, estemos juntos en las cuestiones y fines propios para poder llevar con paz social la responsabilidad colectiva que nos pueda desarrollar hacia el futuro. De otra forma no tendremos futuro en nuestra tierra y esto es algo que tenemos que ratificar, comprometernos y trabajar juntos por el futuro que nos merecemos\u201d, concluy\u00f3.<\/p>\n","protected":false},"excerpt":{"rendered":"<p>El gobernador Gerardo Zamora inaugur\u00f3 este lunes en El Desmonte, departamento Choya, la refacci\u00f3n integral y ampliaci\u00f3n de la Escuela N\u00ba 130 \u201cPedro Miguel Araoz\u201d, a donde asisten 19 alumnos&hellip; <\/p>\n","protected":false},"author":1,"featured_media":59580,"comment_status":"closed","ping_status":"closed","sticky":false,"template":"","format":"standard","meta":{"footnotes":""},"categories":[2,10],"tags":[],"class_list":["post-59579","post","type-post","status-publish","format-standard","has-post-thumbnail","hentry","category-gobierno","category-interior"],"_links":{"self":[{"href":"http:\/\/elurbanoweb.com.ar\/diario\/wp-json\/wp\/v2\/posts\/59579","targetHints":{"allow":["GET"]}}],"collection":[{"href":"http:\/\/elurbanoweb.com.ar\/diario\/wp-json\/wp\/v2\/posts"}],"about":[{"href":"http:\/\/elurbanoweb.com.ar\/diario\/wp-json\/wp\/v2\/types\/post"}],"author":[{"embeddable":true,"href":"http:\/\/elurbanoweb.com.ar\/diario\/wp-json\/wp\/v2\/users\/1"}],"replies":[{"embeddable":true,"href":"http:\/\/elurbanoweb.com.ar\/diario\/wp-json\/wp\/v2\/comments?post=59579"}],"version-history":[{"count":1,"href":"http:\/\/elurbanoweb.com.ar\/diario\/wp-json\/wp\/v2\/posts\/59579\/revisions"}],"predecessor-version":[{"id":59582,"href":"http:\/\/elurbanoweb.com.ar\/diario\/wp-json\/wp\/v2\/posts\/59579\/revisions\/59582"}],"wp:featuredmedia":[{"embeddable":true,"href":"http:\/\/elurbanoweb.com.ar\/diario\/wp-json\/wp\/v2\/media\/59580"}],"wp:attachment":[{"href":"http:\/\/elurbanoweb.com.ar\/diario\/wp-json\/wp\/v2\/media?parent=59579"}],"wp:term":[{"taxonomy":"category","embeddable":true,"href":"http:\/\/elurbanoweb.com.ar\/diario\/wp-json\/wp\/v2\/categories?post=59579"},{"taxonomy":"post_tag","embeddable":true,"href":"http:\/\/elurbanoweb.com.ar\/diario\/wp-json\/wp\/v2\/tags?post=59579"}],"curies":[{"name":"wp","href":"https:\/\/api.w.org\/{rel}","templated":true}]}}