{"id":59614,"date":"2025-08-26T21:26:16","date_gmt":"2025-08-27T00:26:16","guid":{"rendered":"https:\/\/elurbanoweb.com.ar\/diario\/?p=59614"},"modified":"2025-08-26T21:26:16","modified_gmt":"2025-08-27T00:26:16","slug":"se-realizo-una-charla-preventiva-para-los-alumnos-del-colegio-secundario-rene-favaloro","status":"publish","type":"post","link":"http:\/\/elurbanoweb.com.ar\/diario\/se-realizo-una-charla-preventiva-para-los-alumnos-del-colegio-secundario-rene-favaloro\/","title":{"rendered":"Se realiz\u00f3 una charla preventiva para los alumnos del Colegio Secundario Ren\u00e9 Favaloro"},"content":{"rendered":"<p>Durante el encuentro se llev\u00f3 a cabo un conversatorio con los alumnos, en el que se abordaron aspectos claves sobre el dengue.<\/p>\n<p><img loading=\"lazy\" decoding=\"async\" class=\"alignnone wp-image-59615 size-full\" src=\"http:\/\/elurbanoweb.com.ar\/diario\/wp-content\/uploads\/2025\/08\/favaloro.jpg\" alt=\"\" width=\"1010\" height=\"567\" srcset=\"http:\/\/elurbanoweb.com.ar\/diario\/wp-content\/uploads\/2025\/08\/favaloro.jpg 1010w, http:\/\/elurbanoweb.com.ar\/diario\/wp-content\/uploads\/2025\/08\/favaloro-300x168.jpg 300w, http:\/\/elurbanoweb.com.ar\/diario\/wp-content\/uploads\/2025\/08\/favaloro-150x84.jpg 150w\" sizes=\"auto, (max-width: 1010px) 100vw, 1010px\" \/><\/p>\n<p><!--more--><\/p>\n<p>En el marco del D\u00eda Internacional de la Lucha contra el Dengue, en el Colegio Secundario Ren\u00e9 Favaloro del barrio Agua y Energ\u00eda fue sede de una jornada de concientizaci\u00f3n y prevenci\u00f3n organizada por integrantes de la Sala San Javier y el CIC San Carlos.<\/p>\n<p>Durante el encuentro se llev\u00f3 a cabo un conversatorio con los alumnos, en el que se abordaron aspectos claves sobre el dengue: qu\u00e9 es, cu\u00e1les son sus efectos, las medidas de prevenci\u00f3n y la importancia del descacharreo como acci\u00f3n fundamental para evitar la propagaci\u00f3n del mosquito transmisor.<\/p>\n<p>El equipo de salud destac\u00f3 la relevancia de mantener la higiene en los hogares y en los barrios, controlar desag\u00fces y eliminar recipientes que acumulen agua. Asimismo, se remarc\u00f3 la necesidad de acudir a los centros de salud ante la aparici\u00f3n de s\u00edntomas compatibles con la enfermedad.<\/p>\n<p>En la oportunidad, la rectora Elizabeth Dorado, valor\u00f3 la iniciativa se\u00f1alando: \u201cEs vital que los alumnos trabajen sobre estas tem\u00e1ticas que nos conciernen a todos como sociedad. Ellos son agentes multiplicadores en sus casas para la prevenci\u00f3n\u201d.<\/p>\n<p>Desde las \u00e1reas de Salud Municipal se contin\u00faa trabajando junto a las instituciones educativas y a la comunidad en general, con el objetivo de reforzar las medidas de prevenci\u00f3n y promover h\u00e1bitos que contribuyan al cuidado colectivo frente al dengue.<\/p>\n","protected":false},"excerpt":{"rendered":"<p>Durante el encuentro se llev\u00f3 a cabo un conversatorio con los alumnos, en el que se abordaron aspectos claves sobre el dengue.<\/p>\n","protected":false},"author":1,"featured_media":59615,"comment_status":"closed","ping_status":"closed","sticky":false,"template":"","format":"standard","meta":{"footnotes":""},"categories":[16],"tags":[],"class_list":["post-59614","post","type-post","status-publish","format-standard","has-post-thumbnail","hentry","category-locales"],"_links":{"self":[{"href":"http:\/\/elurbanoweb.com.ar\/diario\/wp-json\/wp\/v2\/posts\/59614","targetHints":{"allow":["GET"]}}],"collection":[{"href":"http:\/\/elurbanoweb.com.ar\/diario\/wp-json\/wp\/v2\/posts"}],"about":[{"href":"http:\/\/elurbanoweb.com.ar\/diario\/wp-json\/wp\/v2\/types\/post"}],"author":[{"embeddable":true,"href":"http:\/\/elurbanoweb.com.ar\/diario\/wp-json\/wp\/v2\/users\/1"}],"replies":[{"embeddable":true,"href":"http:\/\/elurbanoweb.com.ar\/diario\/wp-json\/wp\/v2\/comments?post=59614"}],"version-history":[{"count":1,"href":"http:\/\/elurbanoweb.com.ar\/diario\/wp-json\/wp\/v2\/posts\/59614\/revisions"}],"predecessor-version":[{"id":59616,"href":"http:\/\/elurbanoweb.com.ar\/diario\/wp-json\/wp\/v2\/posts\/59614\/revisions\/59616"}],"wp:featuredmedia":[{"embeddable":true,"href":"http:\/\/elurbanoweb.com.ar\/diario\/wp-json\/wp\/v2\/media\/59615"}],"wp:attachment":[{"href":"http:\/\/elurbanoweb.com.ar\/diario\/wp-json\/wp\/v2\/media?parent=59614"}],"wp:term":[{"taxonomy":"category","embeddable":true,"href":"http:\/\/elurbanoweb.com.ar\/diario\/wp-json\/wp\/v2\/categories?post=59614"},{"taxonomy":"post_tag","embeddable":true,"href":"http:\/\/elurbanoweb.com.ar\/diario\/wp-json\/wp\/v2\/tags?post=59614"}],"curies":[{"name":"wp","href":"https:\/\/api.w.org\/{rel}","templated":true}]}}