{"id":59623,"date":"2025-08-27T09:34:28","date_gmt":"2025-08-27T12:34:28","guid":{"rendered":"https:\/\/elurbanoweb.com.ar\/diario\/?p=59623"},"modified":"2025-08-27T09:34:28","modified_gmt":"2025-08-27T12:34:28","slug":"invitan-a-la-comunidad-a-participar-en-la-mesa-panel-sobre-las-redes-y-los-derechos-humanos","status":"publish","type":"post","link":"http:\/\/elurbanoweb.com.ar\/diario\/invitan-a-la-comunidad-a-participar-en-la-mesa-panel-sobre-las-redes-y-los-derechos-humanos\/","title":{"rendered":"Invitan a la comunidad a participar en la mesa panel sobre \u201cLas Redes y los Derechos Humanos\u201d"},"content":{"rendered":"<p>En el marco de la 3\u00b0 Feria del Libro Municipal de la ciudad de La Banda, la Red Bande\u00f1a por los Derechos realizar\u00e1 una mesa panel bajo la consigna, \u201cLas Redes y los Derechos Humanos\u201d, con entrada libre y gratuita.<\/p>\n<p><img loading=\"lazy\" decoding=\"async\" class=\"alignnone wp-image-59624 size-full\" src=\"http:\/\/elurbanoweb.com.ar\/diario\/wp-content\/uploads\/2025\/08\/renzi4.jpg\" alt=\"\" width=\"1010\" height=\"567\" srcset=\"http:\/\/elurbanoweb.com.ar\/diario\/wp-content\/uploads\/2025\/08\/renzi4.jpg 1010w, http:\/\/elurbanoweb.com.ar\/diario\/wp-content\/uploads\/2025\/08\/renzi4-300x168.jpg 300w, http:\/\/elurbanoweb.com.ar\/diario\/wp-content\/uploads\/2025\/08\/renzi4-150x84.jpg 150w\" sizes=\"auto, (max-width: 1010px) 100vw, 1010px\" \/><\/p>\n<p><!--more--><\/p>\n<p>Esta actividad se realizar\u00e1 el mi\u00e9rcoles 27 de agosto, a las 20:50, en el Cine Teatro Renzi, d\u00f3nde expondr\u00e1n los panelistas: Alejandra Dom\u00ednguez, Fanny Paz, Iris Casta\u00f1ares, Andrea Navarro, Lucy Escobar, Bel\u00e9n Benac, Delfor Gerez y Cristina Urquiza.<\/p>\n<p>Seg\u00fan se inform\u00f3, esta iniciativa tiene como fin generar un espacio para reflexionar y dialogar sobre el valor de las redes comunitarias e institucionales en la defensa y promoci\u00f3n de los Derechos Humanos.<\/p>\n","protected":false},"excerpt":{"rendered":"<p>En el marco de la 3\u00b0 Feria del Libro Municipal de la ciudad de La Banda, la Red Bande\u00f1a por los Derechos realizar\u00e1 una mesa panel bajo la consigna, \u201cLas&hellip; <\/p>\n","protected":false},"author":1,"featured_media":59624,"comment_status":"closed","ping_status":"closed","sticky":false,"template":"","format":"standard","meta":{"footnotes":""},"categories":[9],"tags":[],"class_list":["post-59623","post","type-post","status-publish","format-standard","has-post-thumbnail","hentry","category-la-banda"],"_links":{"self":[{"href":"http:\/\/elurbanoweb.com.ar\/diario\/wp-json\/wp\/v2\/posts\/59623","targetHints":{"allow":["GET"]}}],"collection":[{"href":"http:\/\/elurbanoweb.com.ar\/diario\/wp-json\/wp\/v2\/posts"}],"about":[{"href":"http:\/\/elurbanoweb.com.ar\/diario\/wp-json\/wp\/v2\/types\/post"}],"author":[{"embeddable":true,"href":"http:\/\/elurbanoweb.com.ar\/diario\/wp-json\/wp\/v2\/users\/1"}],"replies":[{"embeddable":true,"href":"http:\/\/elurbanoweb.com.ar\/diario\/wp-json\/wp\/v2\/comments?post=59623"}],"version-history":[{"count":1,"href":"http:\/\/elurbanoweb.com.ar\/diario\/wp-json\/wp\/v2\/posts\/59623\/revisions"}],"predecessor-version":[{"id":59625,"href":"http:\/\/elurbanoweb.com.ar\/diario\/wp-json\/wp\/v2\/posts\/59623\/revisions\/59625"}],"wp:featuredmedia":[{"embeddable":true,"href":"http:\/\/elurbanoweb.com.ar\/diario\/wp-json\/wp\/v2\/media\/59624"}],"wp:attachment":[{"href":"http:\/\/elurbanoweb.com.ar\/diario\/wp-json\/wp\/v2\/media?parent=59623"}],"wp:term":[{"taxonomy":"category","embeddable":true,"href":"http:\/\/elurbanoweb.com.ar\/diario\/wp-json\/wp\/v2\/categories?post=59623"},{"taxonomy":"post_tag","embeddable":true,"href":"http:\/\/elurbanoweb.com.ar\/diario\/wp-json\/wp\/v2\/tags?post=59623"}],"curies":[{"name":"wp","href":"https:\/\/api.w.org\/{rel}","templated":true}]}}