{"id":59626,"date":"2025-08-27T09:35:49","date_gmt":"2025-08-27T12:35:49","guid":{"rendered":"https:\/\/elurbanoweb.com.ar\/diario\/?p=59626"},"modified":"2025-08-27T09:35:49","modified_gmt":"2025-08-27T12:35:49","slug":"el-municipio-bandeno-impulso-una-jornada-de-vacunacion-en-empresas-locales","status":"publish","type":"post","link":"http:\/\/elurbanoweb.com.ar\/diario\/el-municipio-bandeno-impulso-una-jornada-de-vacunacion-en-empresas-locales\/","title":{"rendered":"El municipio bande\u00f1o impuls\u00f3 una jornada de vacunaci\u00f3n en empresas locales"},"content":{"rendered":"<p>La Municipalidad de La Banda, a trav\u00e9s de la Secretar\u00eda de Salud, contin\u00faa fortaleciendo las acciones preventivas en distintos \u00e1mbitos de la ciudad. En esta ocasi\u00f3n, el CIC San Carlos llev\u00f3 adelante una jornada de inmunizaci\u00f3n destinada a los empleados de la empresa constructora El Bols\u00f3n, que actualmente presta servicios en el barrio San Carlos.<\/p>\n<p><img loading=\"lazy\" decoding=\"async\" class=\"alignnone wp-image-59627 size-full\" src=\"http:\/\/elurbanoweb.com.ar\/diario\/wp-content\/uploads\/2025\/08\/vacunacion1.jpg\" alt=\"\" width=\"1010\" height=\"567\" srcset=\"http:\/\/elurbanoweb.com.ar\/diario\/wp-content\/uploads\/2025\/08\/vacunacion1.jpg 1010w, http:\/\/elurbanoweb.com.ar\/diario\/wp-content\/uploads\/2025\/08\/vacunacion1-300x168.jpg 300w, http:\/\/elurbanoweb.com.ar\/diario\/wp-content\/uploads\/2025\/08\/vacunacion1-150x84.jpg 150w\" sizes=\"auto, (max-width: 1010px) 100vw, 1010px\" \/><\/p>\n<p><!--more--><\/p>\n<p>En simult\u00e1neo, personal de la Sala San Javier realiz\u00f3 vacunaci\u00f3n de Hepatitis B y doble bacteriana (dT) al personal de la empresa Real Tabacalera, completando esquemas de calendario y promoviendo la prevenci\u00f3n en espacios laborales.<\/p>\n<p>El secretario de Salud, Julio C\u00e9sar Scabuzzo, subray\u00f3: \u201cAcercar la vacunaci\u00f3n a los lugares de trabajo es una manera de garantizar derechos y cuidar la salud de los trabajadores, quienes muchas veces no pueden acercarse al centro de salud por cuestiones de horarios. Con estas acciones reafirmamos nuestro compromiso con la prevenci\u00f3n y el acceso equitativo a la salud\u201d.<\/p>\n<p>Estas iniciativas se enmarcan en las pol\u00edticas de Estado impulsadas por el intendente Ing. Roger El\u00edas Nediani, que ponen a la salud comunitaria y a la prevenci\u00f3n como ejes fundamentales de la gesti\u00f3n municipal.<\/p>\n","protected":false},"excerpt":{"rendered":"<p>La Municipalidad de La Banda, a trav\u00e9s de la Secretar\u00eda de Salud, contin\u00faa fortaleciendo las acciones preventivas en distintos \u00e1mbitos de la ciudad. En esta ocasi\u00f3n, el CIC San Carlos&hellip; <\/p>\n","protected":false},"author":1,"featured_media":59627,"comment_status":"closed","ping_status":"closed","sticky":false,"template":"","format":"standard","meta":{"footnotes":""},"categories":[9],"tags":[],"class_list":["post-59626","post","type-post","status-publish","format-standard","has-post-thumbnail","hentry","category-la-banda"],"_links":{"self":[{"href":"http:\/\/elurbanoweb.com.ar\/diario\/wp-json\/wp\/v2\/posts\/59626","targetHints":{"allow":["GET"]}}],"collection":[{"href":"http:\/\/elurbanoweb.com.ar\/diario\/wp-json\/wp\/v2\/posts"}],"about":[{"href":"http:\/\/elurbanoweb.com.ar\/diario\/wp-json\/wp\/v2\/types\/post"}],"author":[{"embeddable":true,"href":"http:\/\/elurbanoweb.com.ar\/diario\/wp-json\/wp\/v2\/users\/1"}],"replies":[{"embeddable":true,"href":"http:\/\/elurbanoweb.com.ar\/diario\/wp-json\/wp\/v2\/comments?post=59626"}],"version-history":[{"count":1,"href":"http:\/\/elurbanoweb.com.ar\/diario\/wp-json\/wp\/v2\/posts\/59626\/revisions"}],"predecessor-version":[{"id":59628,"href":"http:\/\/elurbanoweb.com.ar\/diario\/wp-json\/wp\/v2\/posts\/59626\/revisions\/59628"}],"wp:featuredmedia":[{"embeddable":true,"href":"http:\/\/elurbanoweb.com.ar\/diario\/wp-json\/wp\/v2\/media\/59627"}],"wp:attachment":[{"href":"http:\/\/elurbanoweb.com.ar\/diario\/wp-json\/wp\/v2\/media?parent=59626"}],"wp:term":[{"taxonomy":"category","embeddable":true,"href":"http:\/\/elurbanoweb.com.ar\/diario\/wp-json\/wp\/v2\/categories?post=59626"},{"taxonomy":"post_tag","embeddable":true,"href":"http:\/\/elurbanoweb.com.ar\/diario\/wp-json\/wp\/v2\/tags?post=59626"}],"curies":[{"name":"wp","href":"https:\/\/api.w.org\/{rel}","templated":true}]}}